{"id":17934,"date":"2026-01-20T11:54:55","date_gmt":"2026-01-20T17:54:55","guid":{"rendered":"https:\/\/www.arquidiocesismty.org\/arquimty\/?p=17934"},"modified":"2026-01-20T11:54:55","modified_gmt":"2026-01-20T17:54:55","slug":"inicia-construccion-de-la-parroquia-san-pedro-y-san-pablo-en-el-cereso-de-apodaca-1","status":"publish","type":"post","link":"https:\/\/www.arquidiocesismty.org\/arquimty\/inicia-construccion-de-la-parroquia-san-pedro-y-san-pablo-en-el-cereso-de-apodaca-1\/","title":{"rendered":"INICIA CONSTRUCCI\u00d3N DE LA PARROQUIA SAN PEDRO Y SAN PABLO EN EL CERESO DE APODACA 1"},"content":{"rendered":"<p>En un acto descrito como un paso de &#8220;alegr\u00eda y esperanza&#8221; para la comunidad penitenciaria, el Arzobispo de Monterrey encabez\u00f3 esta ma\u00f1ana la bendici\u00f3n de la primera piedra de lo que ser\u00e1 la Parroquia Penitenciaria San Pedro y San Pablo, ubicada en las instalaciones del CERESO de Apodaca 1.<\/p>\n<p>El proyecto, que busca fortalecer la atenci\u00f3n espiritual de las personas privadas de su libertad, estar\u00e1 bajo la gu\u00eda pastoral del Padre Oscar Lomel\u00edn, quien fue designado como p\u00e1rroco de este nuevo recinto religioso.<\/p>\n<p>Durante la ceremonia, el pastor de la Iglesia regiomontana enfatiz\u00f3 que el motor principal de esta obra es el compromiso cristiano con los internos. &#8220;Lo \u00fanico que nos mueve como Iglesia a llevar a cabo este proyecto es el amor que tenemos por nuestros hermanos internos, para que puedan encontrar en Cristo la paz y esperanza que transforman sus vidas&#8221;, afirm\u00f3 el Arzobispo.<\/p>\n<p>Un esfuerzo conjunto<\/p>\n<p>La edificaci\u00f3n de la parroquia es el resultado de una colaboraci\u00f3n entre diversas instituciones. El Arzobispo de Monterrey extendi\u00f3 un agradecimiento especial a las autoridades del CERESO por las facilidades brindadas, as\u00ed como a los benefactores cuyo apoyo econ\u00f3mico es fundamental para la construcci\u00f3n.<\/p>\n<p>Asimismo, destac\u00f3 la labor de la Pastoral Penitenciaria, reconociendo su trabajo incansable en el acompa\u00f1amiento de los internos durante su proceso de fe y rehabilitaci\u00f3n.<\/p>\n<p>Con este nuevo espacio, la Arquidi\u00f3cesis de Monterrey reafirma su misi\u00f3n de llevar &#8220;la luz de Cristo&#8221; a los sectores m\u00e1s vulnerables, apostando por la transformaci\u00f3n social y espiritual dentro del sistema penitenciario del estado.<\/p>\n","protected":false},"excerpt":{"rendered":"<p>En un acto descrito como un paso de &#8220;alegr\u00eda y esperanza&#8221; para la comunidad penitenciaria, el Arzobispo de Monterrey encabez\u00f3 esta ma\u00f1ana la bendici\u00f3n de la<span class=\"excerpt-hellip\"> [\u2026]<\/span><\/p>\n","protected":false},"author":3,"featured_media":17935,"comment_status":"closed","ping_status":"closed","sticky":false,"template":"","format":"standard","meta":[],"categories":[7,14],"tags":[75],"_links":{"self":[{"href":"https:\/\/www.arquidiocesismty.org\/arquimty\/wp-json\/wp\/v2\/posts\/17934"}],"collection":[{"href":"https:\/\/www.arquidiocesismty.org\/arquimty\/wp-json\/wp\/v2\/posts"}],"about":[{"href":"https:\/\/www.arquidiocesismty.org\/arquimty\/wp-json\/wp\/v2\/types\/post"}],"author":[{"embeddable":true,"href":"https:\/\/www.arquidiocesismty.org\/arquimty\/wp-json\/wp\/v2\/users\/3"}],"replies":[{"embeddable":true,"href":"https:\/\/www.arquidiocesismty.org\/arquimty\/wp-json\/wp\/v2\/comments?post=17934"}],"version-history":[{"count":1,"href":"https:\/\/www.arquidiocesismty.org\/arquimty\/wp-json\/wp\/v2\/posts\/17934\/revisions"}],"predecessor-version":[{"id":17936,"href":"https:\/\/www.arquidiocesismty.org\/arquimty\/wp-json\/wp\/v2\/posts\/17934\/revisions\/17936"}],"wp:featuredmedia":[{"embeddable":true,"href":"https:\/\/www.arquidiocesismty.org\/arquimty\/wp-json\/wp\/v2\/media\/17935"}],"wp:attachment":[{"href":"https:\/\/www.arquidiocesismty.org\/arquimty\/wp-json\/wp\/v2\/media?parent=17934"}],"wp:term":[{"taxonomy":"category","embeddable":true,"href":"https:\/\/www.arquidiocesismty.org\/arquimty\/wp-json\/wp\/v2\/categories?post=17934"},{"taxonomy":"post_tag","embeddable":true,"href":"https:\/\/www.arquidiocesismty.org\/arquimty\/wp-json\/wp\/v2\/tags?post=17934"}],"curies":[{"name":"wp","href":"https:\/\/api.w.org\/{rel}","templated":true}]}}