{"id":17931,"date":"2026-01-13T09:00:09","date_gmt":"2026-01-13T09:00:09","guid":{"rendered":"https:\/\/www.arquidiocesismty.org\/arquimty\/?p=17931"},"modified":"2026-01-13T14:13:01","modified_gmt":"2026-01-13T20:13:01","slug":"la-arquidiocesis-de-monterrey-sera-sede-del-%f0%9d%9f%92%f0%9d%9f%96o-congreso-de-musica-sacra","status":"publish","type":"post","link":"https:\/\/www.arquidiocesismty.org\/arquimty\/la-arquidiocesis-de-monterrey-sera-sede-del-%f0%9d%9f%92%f0%9d%9f%96o-congreso-de-musica-sacra\/","title":{"rendered":"LA ARQUIDI\u00d3CESIS DE MONTERREY SER\u00c1 SEDE DEL ??\u00ba CONGRESO DE M\u00daSICA SACRA"},"content":{"rendered":"<p>La Arquidi\u00f3cesis de Monterrey ser\u00e1 anfitriona del 48\u00ba Congreso Nacional de M\u00fasica Lit\u00fargica, que se llevar\u00e1 a cabo del 9 al 13 de febrero, reuniendo a m\u00fasicos, directores, formadores y responsables de la m\u00fasica lit\u00fargica de las distintas di\u00f3cesis del pa\u00eds.<\/p>\n<p>Este Congreso Nacional se realiza anualmente en diferentes di\u00f3cesis de M\u00e9xico y tiene como objetivo fortalecer la formaci\u00f3n, el intercambio de experiencias y la comuni\u00f3n entre quienes sirven a la Iglesia a trav\u00e9s de la m\u00fasica. En esta edici\u00f3n, Monterrey recibir\u00e1 a participantes de todo el pa\u00eds en una intensa semana de conferencias, talleres y espacios de di\u00e1logo.<\/p>\n<p>El programa acad\u00e9mico incluir\u00e1 talleres y ponencias en \u00e1reas como Direcci\u00f3n Coral, Salmodia, Canto Gregoriano y redacci\u00f3n de partituras, as\u00ed como reflexiones pastorales orientadas a dignificar y unificar el servicio musical dentro de la liturgia.<\/p>\n<p>Uno de los ejes fundamentales del Congreso es el encuentro entre los encargados de las dimensiones de m\u00fasica lit\u00fargica de las di\u00f3cesis, con el fin de establecer v\u00ednculos, compartir criterios de trabajo y fortalecer un orden pastoral a nivel nacional, siempre en comuni\u00f3n con las orientaciones de la Iglesia.<\/p>\n<p>Con este importante acontecimiento, la Arquidi\u00f3cesis de Monterrey reafirma su compromiso con la formaci\u00f3n lit\u00fargica, la excelencia musical y el servicio pastoral, consolid\u00e1ndose como un referente nacional en la promoci\u00f3n de la m\u00fasica al servicio de la fe.<\/p>\n<p>Para mayores informes e inscripciones, los interesados pueden comunicarse al WhatsApp 8128913212.<\/p>\n","protected":false},"excerpt":{"rendered":"<p>La Arquidi\u00f3cesis de Monterrey ser\u00e1 anfitriona del 48\u00ba Congreso Nacional de M\u00fasica Lit\u00fargica, que se llevar\u00e1 a cabo del 9 al 13 de febrero<\/p>\n","protected":false},"author":1,"featured_media":17933,"comment_status":"closed","ping_status":"closed","sticky":false,"template":"","format":"standard","meta":[],"categories":[7,14],"tags":[188],"_links":{"self":[{"href":"https:\/\/www.arquidiocesismty.org\/arquimty\/wp-json\/wp\/v2\/posts\/17931"}],"collection":[{"href":"https:\/\/www.arquidiocesismty.org\/arquimty\/wp-json\/wp\/v2\/posts"}],"about":[{"href":"https:\/\/www.arquidiocesismty.org\/arquimty\/wp-json\/wp\/v2\/types\/post"}],"author":[{"embeddable":true,"href":"https:\/\/www.arquidiocesismty.org\/arquimty\/wp-json\/wp\/v2\/users\/1"}],"replies":[{"embeddable":true,"href":"https:\/\/www.arquidiocesismty.org\/arquimty\/wp-json\/wp\/v2\/comments?post=17931"}],"version-history":[{"count":1,"href":"https:\/\/www.arquidiocesismty.org\/arquimty\/wp-json\/wp\/v2\/posts\/17931\/revisions"}],"predecessor-version":[{"id":17932,"href":"https:\/\/www.arquidiocesismty.org\/arquimty\/wp-json\/wp\/v2\/posts\/17931\/revisions\/17932"}],"wp:featuredmedia":[{"embeddable":true,"href":"https:\/\/www.arquidiocesismty.org\/arquimty\/wp-json\/wp\/v2\/media\/17933"}],"wp:attachment":[{"href":"https:\/\/www.arquidiocesismty.org\/arquimty\/wp-json\/wp\/v2\/media?parent=17931"}],"wp:term":[{"taxonomy":"category","embeddable":true,"href":"https:\/\/www.arquidiocesismty.org\/arquimty\/wp-json\/wp\/v2\/categories?post=17931"},{"taxonomy":"post_tag","embeddable":true,"href":"https:\/\/www.arquidiocesismty.org\/arquimty\/wp-json\/wp\/v2\/tags?post=17931"}],"curies":[{"name":"wp","href":"https:\/\/api.w.org\/{rel}","templated":true}]}}