{"id":17928,"date":"2026-01-07T10:09:22","date_gmt":"2026-01-07T16:09:22","guid":{"rendered":"https:\/\/www.arquidiocesismty.org\/arquimty\/?p=17928"},"modified":"2026-01-07T10:09:22","modified_gmt":"2026-01-07T16:09:22","slug":"comprometidos-con-la-paz","status":"publish","type":"post","link":"https:\/\/www.arquidiocesismty.org\/arquimty\/comprometidos-con-la-paz\/","title":{"rendered":"\u201cCOMPROMETIDOS CON LA PAZ\u201d"},"content":{"rendered":"<p>En el marco de la solemnidad de la Epifan\u00eda del Se\u00f1or y a pocos d\u00edas de iniciar el nuevo a\u00f1o, el Arzobispo de Monterrey, Mons. Rogelio Cabrera L\u00f3pez, dirigi\u00f3 un mensaje a la comunidad a trav\u00e9s de sus redes sociales, invitando a vivir este tiempo \u201ccomo una oportunidad concreta para volver a lo esencial, al bien, a la verdad y a la paz\u201d.<\/p>\n<p>Bajo el lema \u201cComprometidos con la paz\u201d, el Arzobispo subray\u00f3 que el cambio de calendario no transforma por s\u00ed mismo el coraz\u00f3n del ser humano; por ello exhort\u00f3 a los fieles a asumir con responsabilidad espiritual y social el inicio de este 2026, siguiendo el ejemplo de los Reyes Magos, quienes \u201cno se quedaron mirando el cielo desde lejos\u201d, sino que se pusieron en camino en b\u00fasqueda de la verdad.<\/p>\n<p>\u201cLa fe no es pasiva, es una b\u00fasqueda constante\u201d, expres\u00f3, destacando que el comienzo del a\u00f1o debe vivirse con humildad, adoraci\u00f3n y entrega: \u201cMenos ruido y m\u00e1s reflexi\u00f3n; menos quejas y m\u00e1s compromiso; menos excusas y m\u00e1s fidelidad\u201d.<\/p>\n<p>Ante el panorama mundial marcado por guerras, violencia y divisiones, Mons. Cabrera record\u00f3 que la oscuridad no tiene la \u00faltima palabra: \u201cLa estrella sigue brillando, Cristo sigue naciendo y el bien sigue siendo posible\u201d. A\u00f1adi\u00f3 que construir el bien comienza en lo cotidiano: en la familia, el trabajo honesto, la verdad en la palabra, el perd\u00f3n y la solidaridad concreta.<\/p>\n<p>El Arzobispo hizo un fuerte llamado a trabajar por la paz desde el coraz\u00f3n y desde la vida familiar, recordando que \u201cno habr\u00e1 paz en el mundo si no hay paz en los corazones\u201d. Insisti\u00f3 en no normalizar la violencia ni la injusticia, sino enfrentarlas con coherencia, oraci\u00f3n y compromiso cristiano.<\/p>\n<p>Asimismo, invit\u00f3 a la comunidad a elevar una oraci\u00f3n por la paz en el mundo, y particularmente expres\u00f3 cercan\u00eda con el pueblo venezolano:<\/p>\n<p>\u201cPidamos por el pueblo venezolano para que en esta crisis pol\u00edtica y econ\u00f3mica pueda encontrar mejores caminos para su desarrollo integral. Saludamos con respeto a los venezolanos que viven en nuestra Arquidi\u00f3cesis\u201d, expres\u00f3.<\/p>\n<p>Finalmente, Mons. Rogelio Cabrera anim\u00f3 a los fieles a \u201cvolver por otro camino\u201d, siguiendo la ense\u00f1anza de la Epifan\u00eda: caminar con fe viva, esperanza firme y caridad concreta. \u201cComenzamos el a\u00f1o bajo la luz de una estrella\u2026 no la perdamos de vista\u201d, concluy\u00f3.<\/p>\n","protected":false},"excerpt":{"rendered":"<p>En el marco de la solemnidad de la Epifan\u00eda del Se\u00f1or y a pocos d\u00edas de iniciar el nuevo a\u00f1o, el Arzobispo de Monterrey, Mons. Rogelio<span class=\"excerpt-hellip\"> [\u2026]<\/span><\/p>\n","protected":false},"author":3,"featured_media":17198,"comment_status":"closed","ping_status":"closed","sticky":false,"template":"","format":"standard","meta":[],"categories":[7,14],"tags":[75],"_links":{"self":[{"href":"https:\/\/www.arquidiocesismty.org\/arquimty\/wp-json\/wp\/v2\/posts\/17928"}],"collection":[{"href":"https:\/\/www.arquidiocesismty.org\/arquimty\/wp-json\/wp\/v2\/posts"}],"about":[{"href":"https:\/\/www.arquidiocesismty.org\/arquimty\/wp-json\/wp\/v2\/types\/post"}],"author":[{"embeddable":true,"href":"https:\/\/www.arquidiocesismty.org\/arquimty\/wp-json\/wp\/v2\/users\/3"}],"replies":[{"embeddable":true,"href":"https:\/\/www.arquidiocesismty.org\/arquimty\/wp-json\/wp\/v2\/comments?post=17928"}],"version-history":[{"count":1,"href":"https:\/\/www.arquidiocesismty.org\/arquimty\/wp-json\/wp\/v2\/posts\/17928\/revisions"}],"predecessor-version":[{"id":17929,"href":"https:\/\/www.arquidiocesismty.org\/arquimty\/wp-json\/wp\/v2\/posts\/17928\/revisions\/17929"}],"wp:featuredmedia":[{"embeddable":true,"href":"https:\/\/www.arquidiocesismty.org\/arquimty\/wp-json\/wp\/v2\/media\/17198"}],"wp:attachment":[{"href":"https:\/\/www.arquidiocesismty.org\/arquimty\/wp-json\/wp\/v2\/media?parent=17928"}],"wp:term":[{"taxonomy":"category","embeddable":true,"href":"https:\/\/www.arquidiocesismty.org\/arquimty\/wp-json\/wp\/v2\/categories?post=17928"},{"taxonomy":"post_tag","embeddable":true,"href":"https:\/\/www.arquidiocesismty.org\/arquimty\/wp-json\/wp\/v2\/tags?post=17928"}],"curies":[{"name":"wp","href":"https:\/\/api.w.org\/{rel}","templated":true}]}}