{"id":17925,"date":"2026-01-07T10:01:45","date_gmt":"2026-01-07T16:01:45","guid":{"rendered":"https:\/\/www.arquidiocesismty.org\/arquimty\/?p=17925"},"modified":"2026-01-07T10:01:45","modified_gmt":"2026-01-07T16:01:45","slug":"clausura-del-ano-jubilar","status":"publish","type":"post","link":"https:\/\/www.arquidiocesismty.org\/arquimty\/clausura-del-ano-jubilar\/","title":{"rendered":"CLAUSURA DEL A\u00d1O JUBILAR"},"content":{"rendered":"<p>Con un profundo sentido de gratitud y esperanza, la Arquidi\u00f3cesis de Monterrey celebr\u00f3 este domingo el cierre del A\u00f1o Jubilar 2025. Fieles provenientes de diversas parroquias participaron en una peregrinaci\u00f3n que parti\u00f3 del Santuario del Sagrado Coraz\u00f3n de Jes\u00fas, en el centro de la ciudad, y concluy\u00f3 en la Catedral Metropolitana, donde el Arzobispo de Monterrey presidi\u00f3 la solemne Eucarist\u00eda.<\/p>\n<p>Durante su homil\u00eda, el arzobispo destac\u00f3 que, aunque concluye este tiempo jubilar, la misi\u00f3n de la Iglesia permanece siempre viva y en salida:<\/p>\n<p>\u201cSe cierra una puerta, pero nuestra Iglesia, que es de puertas abiertas y en salida, permanece siempre dispuesta a salir y cumplir con la misi\u00f3n que Dios nos ha dado: Vayan por todo el mundo y prediquen el Evangelio.\u201d<\/p>\n<p>Record\u00f3 que, a lo largo de este a\u00f1o, la Iglesia diocesana ha permanecido fiel a su sue\u00f1o evangelizador: ser una comunidad con mirada y actitud misericordiosa, pero ahora tambi\u00e9n fortalecida en la esperanza que Dios le concede para dar frutos abundantes.<\/p>\n<p>Inspir\u00e1ndose en la Sagrada Familia de Nazaret, el arzobispo invit\u00f3 a las familias y a toda la comunidad eclesial a mirarse en su ejemplo:<\/p>\n<p>\u201cLa familia de Nazaret es una familia que lucha, que sufre, pero al mismo tiempo ama y sigue adelante. Es una familia que ora, protege, cuida tiernamente y trabaja; una familia que no siempre vive donde quiere, sino donde puede.\u201d<\/p>\n<p>A partir de esta imagen, subray\u00f3 que la Iglesia local est\u00e1 llamada a vivir con esa misma actitud:<\/p>\n<p>\u201cUna Iglesia que escucha a Dios, que protege la vida, que ama con ternura y que trabaja. Esa es la tarea que el Se\u00f1or nos encomienda al concluir este A\u00f1o Jubilar.\u201d<\/p>\n<p>Mirando hacia el futuro inmediato, el arzobispo record\u00f3 que la Arquidi\u00f3cesis contin\u00faa en un camino de discernimiento comunitario, tras los procesos de escucha y las asambleas parciales realizadas, y prepar\u00e1ndose para la gran asamblea diocesana del mes de enero de 2026.<\/p>\n<p>Expres\u00f3 que el deseo com\u00fan es responder con fidelidad a los llamados que Dios hace a la Iglesia regiomontana:<\/p>\n<p>\u201cQueremos ser una Iglesia unida, disc\u00edpula, misionera, misericordiosa y llena de esperanza.\u201d<\/p>\n<p>Asimismo, insisti\u00f3 en que el Plan Pastoral Diocesano debe vivirse no solo en las estructuras eclesiales, sino especialmente en el seno de cada hogar:<\/p>\n<p>\u201cQueremos que el plan pastoral diocesano se viva en cada familia.\u201d<\/p>\n<p>La celebraci\u00f3n concluy\u00f3 con un ambiente de alegr\u00eda, compromiso renovado y confianza en el actuar de Dios en la historia de la Iglesia de Monterrey, que se prepara para seguir caminando en comuni\u00f3n, misi\u00f3n y esperanza.<\/p>\n","protected":false},"excerpt":{"rendered":"<p>Con un profundo sentido de gratitud y esperanza, la Arquidi\u00f3cesis de Monterrey celebr\u00f3 este domingo el cierre del A\u00f1o Jubilar 2025. Fieles provenientes de diversas parroquias<span class=\"excerpt-hellip\"> [\u2026]<\/span><\/p>\n","protected":false},"author":3,"featured_media":17926,"comment_status":"closed","ping_status":"closed","sticky":false,"template":"","format":"standard","meta":[],"categories":[7,14],"tags":[75],"_links":{"self":[{"href":"https:\/\/www.arquidiocesismty.org\/arquimty\/wp-json\/wp\/v2\/posts\/17925"}],"collection":[{"href":"https:\/\/www.arquidiocesismty.org\/arquimty\/wp-json\/wp\/v2\/posts"}],"about":[{"href":"https:\/\/www.arquidiocesismty.org\/arquimty\/wp-json\/wp\/v2\/types\/post"}],"author":[{"embeddable":true,"href":"https:\/\/www.arquidiocesismty.org\/arquimty\/wp-json\/wp\/v2\/users\/3"}],"replies":[{"embeddable":true,"href":"https:\/\/www.arquidiocesismty.org\/arquimty\/wp-json\/wp\/v2\/comments?post=17925"}],"version-history":[{"count":1,"href":"https:\/\/www.arquidiocesismty.org\/arquimty\/wp-json\/wp\/v2\/posts\/17925\/revisions"}],"predecessor-version":[{"id":17927,"href":"https:\/\/www.arquidiocesismty.org\/arquimty\/wp-json\/wp\/v2\/posts\/17925\/revisions\/17927"}],"wp:featuredmedia":[{"embeddable":true,"href":"https:\/\/www.arquidiocesismty.org\/arquimty\/wp-json\/wp\/v2\/media\/17926"}],"wp:attachment":[{"href":"https:\/\/www.arquidiocesismty.org\/arquimty\/wp-json\/wp\/v2\/media?parent=17925"}],"wp:term":[{"taxonomy":"category","embeddable":true,"href":"https:\/\/www.arquidiocesismty.org\/arquimty\/wp-json\/wp\/v2\/categories?post=17925"},{"taxonomy":"post_tag","embeddable":true,"href":"https:\/\/www.arquidiocesismty.org\/arquimty\/wp-json\/wp\/v2\/tags?post=17925"}],"curies":[{"name":"wp","href":"https:\/\/api.w.org\/{rel}","templated":true}]}}