{"id":17877,"date":"2025-12-06T06:24:22","date_gmt":"2025-12-06T06:24:22","guid":{"rendered":"https:\/\/www.arquidiocesismty.org\/arquimty\/?p=17877"},"modified":"2025-12-06T05:46:52","modified_gmt":"2025-12-06T11:46:52","slug":"con-gran-alegria-hemos-recibido-la-noticia-de-que-el-santo-padre-leon-xiv-ha-nombrado-a-s-e-mons-jose-eugenio-ramos-delgado-como-obispo-auxiliar-de-monterrey","status":"publish","type":"post","link":"https:\/\/www.arquidiocesismty.org\/arquimty\/con-gran-alegria-hemos-recibido-la-noticia-de-que-el-santo-padre-leon-xiv-ha-nombrado-a-s-e-mons-jose-eugenio-ramos-delgado-como-obispo-auxiliar-de-monterrey\/","title":{"rendered":"Nuevo obispo auxiliar para la Arquidi\u00f3cesis de Monterrey"},"content":{"rendered":"<p>A toda la Iglesia que peregrina en Monterrey,<br \/>\n\u00a1la paz est\u00e9 con ustedes!<\/p>\n<p>Con gran alegr\u00eda hemos recibido la noticia de que el Santo Padre Le\u00f3n XIV ha nombrado a S.E. Mons. Jos\u00e9 Eugenio Ramos Delgado como Obispo Auxiliar de Monterrey.<\/p>\n<p>Mons. Jos\u00e9 Eugenio, continuando con sus labores como pastor propio de la Parroquia y Santuario de Nuestra Se\u00f1ora de F\u00e1tima, se unir\u00e1 al grupo de Obispos que busca hacer presente a Jes\u00fas, Sumo y Eterno Sacerdote, en medio de nuestra comunidad, entreg\u00e1ndose totalmente a nosotros con caridad pastoral y celo por las almas.<\/p>\n<p>Les pido orar por monse\u00f1or y por todos aquellos que en nuestra Iglesia hemos sido llamados al servicio episcopal.<\/p>\n<p>A la brevedad les informaremos sobre su consagraci\u00f3n episcopal.<\/p>\n<p>S.E. Mons. Rogelio Cabrera L\u00f3pez<br \/>\nArzobispo de Monterrey<\/p>\n<p class=\"p1\"><b>Mons. Jos\u00e9 Eugenio Ramos Delgado<\/b><\/p>\n<p class=\"p1\"><b><br \/>\n<\/b>Naci\u00f3 el 28 de octubre de 1973 en Monclova, Coahuila.<\/p>\n<p>Ingres\u00f3 al Seminario de Monterrey en 1990, donde realiz\u00f3 los estudios e Humanidades, de 1991 a 1994 estudio Filosof\u00eda, de 1994 a 1999 estudi\u00f3 Teolog\u00eda, se orden\u00f3 sacerdote. Se orden\u00f3 di\u00e1cono el 22 de agosto de 1998, en la Bas\u00edlica Nuestra Se\u00f1ora del Roble en Monterrey, su ordenaci\u00f3n sacerdotal fue el 14 de agosto de 1999, en la Bas\u00edlica Nuestra Se\u00f1ora de Guadalupe en Monterrey.<\/p>\n<p><strong>Cargos que ha desempe\u00f1ado en la Arquidi\u00f3cesis:<\/strong><\/p>\n<ul>\n<li>Vicario parroquial de la Parroquia del Rosario, Monterrey.<\/li>\n<li>Capell\u00e1n de la Congregaci\u00f3n de las Misioneras de Jes\u00fas Sacerdote.<\/li>\n<li>Director Espiritual, maestro y Prefecto de Apostolado en el Seminario de Monterrey sede\u00a0 San Pedro Garza Garc\u00eda.<\/li>\n<li>Director Espiritual y Prefecto de Apostolado del curso introductorio en el Seminario de Monterrey.<\/li>\n<li>Coordinador de la etapa proped\u00e9utica en el Seminario.<\/li>\n<li>Del 2009 al 2011 estudi\u00f3 la licenciatura en Teolog\u00eda Espiritual en la Universidad Gregoriana de Roma, Italia.<\/li>\n<li>Ene 2011 despu\u00e9s regresar de Roma ocup\u00f3 el cargo de Auxiliar del \u00e1rea de direcci\u00f3n espiritual en la etapa de formaci\u00f3n de filosof\u00eda en el Seminario de Monterrey.<\/li>\n<li>El 13 de julio de 2013 fue nombrado p\u00e1rroco de la Parroquia Santiago Ap\u00f3stol en Santiago, N.L. Sigui\u00f3 ayudando con director espiritual externo en en la etapa de formaci\u00f3n proped\u00e9utica en el Seminario.<\/li>\n<li>El 3 de septiembre de 2018 fu nombrado Vicario episcopal de la Zona pastoral n\u00famero XI.<\/li>\n<li>El 19 de julio de 2020 fu nombrado Rector de la Catedral Metropolitana de Monterrey.<\/li>\n<\/ul>\n<p><strong>Cargos actuales:<\/strong><\/p>\n<ul>\n<li>El 1 de enero de 2021 fue nombrado Director de la Escuela B\u00edblica Arquidiocesana de Monterrey (EBAM).<\/li>\n<li>El 7 de julio de 2023 fue nombrado P\u00e1rroco de la Parroquia y Santuario de Nuestra Se\u00f1ora de F\u00e1tima en San Pedro Garza Garc\u00eda.<\/li>\n<li>el 31 de julio de 2023 fue nombrado Vicario Episcopal de la Zona pastoral n\u00famero V.<\/li>\n<\/ul>\n","protected":false},"excerpt":{"rendered":"<p>Con gran alegr\u00eda hemos recibido la noticia de que el Santo Padre Le\u00f3n XIV ha nombrado a S.E. Mons. Jos\u00e9 Eugenio Ramos Delgado como Obispo Auxiliar de Monterrey.<\/p>\n","protected":false},"author":1,"featured_media":17879,"comment_status":"open","ping_status":"closed","sticky":false,"template":"","format":"standard","meta":[],"categories":[7,14,1],"tags":[],"_links":{"self":[{"href":"https:\/\/www.arquidiocesismty.org\/arquimty\/wp-json\/wp\/v2\/posts\/17877"}],"collection":[{"href":"https:\/\/www.arquidiocesismty.org\/arquimty\/wp-json\/wp\/v2\/posts"}],"about":[{"href":"https:\/\/www.arquidiocesismty.org\/arquimty\/wp-json\/wp\/v2\/types\/post"}],"author":[{"embeddable":true,"href":"https:\/\/www.arquidiocesismty.org\/arquimty\/wp-json\/wp\/v2\/users\/1"}],"replies":[{"embeddable":true,"href":"https:\/\/www.arquidiocesismty.org\/arquimty\/wp-json\/wp\/v2\/comments?post=17877"}],"version-history":[{"count":5,"href":"https:\/\/www.arquidiocesismty.org\/arquimty\/wp-json\/wp\/v2\/posts\/17877\/revisions"}],"predecessor-version":[{"id":17888,"href":"https:\/\/www.arquidiocesismty.org\/arquimty\/wp-json\/wp\/v2\/posts\/17877\/revisions\/17888"}],"wp:featuredmedia":[{"embeddable":true,"href":"https:\/\/www.arquidiocesismty.org\/arquimty\/wp-json\/wp\/v2\/media\/17879"}],"wp:attachment":[{"href":"https:\/\/www.arquidiocesismty.org\/arquimty\/wp-json\/wp\/v2\/media?parent=17877"}],"wp:term":[{"taxonomy":"category","embeddable":true,"href":"https:\/\/www.arquidiocesismty.org\/arquimty\/wp-json\/wp\/v2\/categories?post=17877"},{"taxonomy":"post_tag","embeddable":true,"href":"https:\/\/www.arquidiocesismty.org\/arquimty\/wp-json\/wp\/v2\/tags?post=17877"}],"curies":[{"name":"wp","href":"https:\/\/api.w.org\/{rel}","templated":true}]}}