{"id":17870,"date":"2025-12-04T08:03:09","date_gmt":"2025-12-04T14:03:09","guid":{"rendered":"https:\/\/www.arquidiocesismty.org\/arquimty\/?p=17870"},"modified":"2025-12-04T08:05:32","modified_gmt":"2025-12-04T14:05:32","slug":"17870-2","status":"publish","type":"post","link":"https:\/\/www.arquidiocesismty.org\/arquimty\/17870-2\/","title":{"rendered":"NUEVO CENTRO VOCACIONAL DE APODACA"},"content":{"rendered":"<p>La Arquidi\u00f3cesis de Monterrey anunci\u00f3 oficialmente la erecci\u00f3n del Centro Vocacional de Apodaca, que tendr\u00e1 su sede en la Parroquia San Francisco de As\u00eds, en el municipio de Apodaca. El decreto fue emitido por el Arzobispo de Monterrey, Mons. Rogelio Cabrera L\u00f3pez, como parte del Proyecto Estrat\u00e9gico Piloto de Nuevos Centros Vocacionales.<\/p>\n<p>Este proyecto surge con el objetivo de descentralizar el acompa\u00f1amiento vocacional y acercarlo a las parroquias m\u00e1s distantes del \u00e1rea metropolitana, reforzando as\u00ed la atenci\u00f3n a los j\u00f3venes que buscan discernir su vocaci\u00f3n cristiana.<\/p>\n<p>La iniciativa es considerada la columna vertebral del plan de Pastoral Vocacional 2025-2028, impulsando procesos locales, cercanos y colaborativos entre agentes laicos, sacerdotes, la Pastoral Juvenil y el Seminario de Monterrey.<\/p>\n<p>En su decreto, Mons. Cabrera L\u00f3pez se\u00f1al\u00f3 que el nuevo organismo pastoral ser\u00e1 un centro estable adscrito a la Pastoral Vocacional arquidiocesana, encargado de promover, acompa\u00f1ar y fortalecer la vida vocacional de las zonas pastorales cercanas a Apodaca centro.<\/p>\n<p>Como parte de la estructura del nuevo Centro Vocacional, el Arzobispo nombr\u00f3 al Pbro. Jorge Alberto Rodr\u00edguez Urbina como sacerdote promotor vocacional, quien tendr\u00e1 la misi\u00f3n de implementar a nivel local la extensi\u00f3n del Centro Vocacional Arquidiocesano y ofrecer acompa\u00f1amiento espiritual a los j\u00f3venes. Su nombramiento ser\u00e1 entregado en documento aparte.<\/p>\n<p>El inicio oficial de actividades del Centro Vocacional de Apodaca se llevar\u00e1 a cabo durante una Misa solemne, que ser\u00e1 presidida por el Arzobispo el domingo 30 de noviembre a las 7:00 p.m. en la Parroquia San Francisco de As\u00eds.<\/p>\n<p>Finalmente, Mons. Cabrera L\u00f3pez invit\u00f3 a toda la comunidad a unirse en oraci\u00f3n y apoyo para este nuevo proyecto, encomend\u00e1ndolo a la intercesi\u00f3n de Nuestra Se\u00f1ora del Roble, patrona de la Arquidi\u00f3cesis, y de San Te\u00f3fimo M\u00e1rtir, patrono del Seminario, pidiendo su protecci\u00f3n para los j\u00f3venes que buscan descubrir el llamado de Dios en sus vidas.<\/p>\n","protected":false},"excerpt":{"rendered":"<p>La Arquidi\u00f3cesis de Monterrey anunci\u00f3 oficialmente la erecci\u00f3n del Centro Vocacional de Apodaca, que tendr\u00e1 su sede en la Parroquia San Francisco de As\u00eds, en el<span class=\"excerpt-hellip\"> [\u2026]<\/span><\/p>\n","protected":false},"author":3,"featured_media":17868,"comment_status":"closed","ping_status":"closed","sticky":false,"template":"","format":"standard","meta":[],"categories":[7,14],"tags":[75,182],"_links":{"self":[{"href":"https:\/\/www.arquidiocesismty.org\/arquimty\/wp-json\/wp\/v2\/posts\/17870"}],"collection":[{"href":"https:\/\/www.arquidiocesismty.org\/arquimty\/wp-json\/wp\/v2\/posts"}],"about":[{"href":"https:\/\/www.arquidiocesismty.org\/arquimty\/wp-json\/wp\/v2\/types\/post"}],"author":[{"embeddable":true,"href":"https:\/\/www.arquidiocesismty.org\/arquimty\/wp-json\/wp\/v2\/users\/3"}],"replies":[{"embeddable":true,"href":"https:\/\/www.arquidiocesismty.org\/arquimty\/wp-json\/wp\/v2\/comments?post=17870"}],"version-history":[{"count":3,"href":"https:\/\/www.arquidiocesismty.org\/arquimty\/wp-json\/wp\/v2\/posts\/17870\/revisions"}],"predecessor-version":[{"id":17873,"href":"https:\/\/www.arquidiocesismty.org\/arquimty\/wp-json\/wp\/v2\/posts\/17870\/revisions\/17873"}],"wp:featuredmedia":[{"embeddable":true,"href":"https:\/\/www.arquidiocesismty.org\/arquimty\/wp-json\/wp\/v2\/media\/17868"}],"wp:attachment":[{"href":"https:\/\/www.arquidiocesismty.org\/arquimty\/wp-json\/wp\/v2\/media?parent=17870"}],"wp:term":[{"taxonomy":"category","embeddable":true,"href":"https:\/\/www.arquidiocesismty.org\/arquimty\/wp-json\/wp\/v2\/categories?post=17870"},{"taxonomy":"post_tag","embeddable":true,"href":"https:\/\/www.arquidiocesismty.org\/arquimty\/wp-json\/wp\/v2\/tags?post=17870"}],"curies":[{"name":"wp","href":"https:\/\/api.w.org\/{rel}","templated":true}]}}