{"id":17857,"date":"2025-11-26T12:35:19","date_gmt":"2025-11-26T18:35:19","guid":{"rendered":"https:\/\/www.arquidiocesismty.org\/arquimty\/?p=17857"},"modified":"2025-11-26T12:35:19","modified_gmt":"2025-11-26T18:35:19","slug":"dios-es-tu-providencia-campana-del-diezmo","status":"publish","type":"post","link":"https:\/\/www.arquidiocesismty.org\/arquimty\/dios-es-tu-providencia-campana-del-diezmo\/","title":{"rendered":"\u201cDIOS ES TU PROVIDENCIA\u201d: CAMPA\u00d1A DEL DIEZMO"},"content":{"rendered":"<p>Con el inicio del tiempo de Adviento, la Arquidi\u00f3cesis de Monterrey anunci\u00f3 el arranque oficial de la <b>Campa\u00f1a del Diezmo 2025-2026<\/b>, iniciativa que cada a\u00f1o invita a la comunidad cat\u00f3lica a vivir la caridad y la corresponsabilidad bajo el lema <b>\u201cDios es tu providencia\u201d<\/b>.<\/p>\n<p>En un mensaje dirigido a toda la Iglesia que peregrina en Monterrey, el <b>arzobispo Rogelio Cabrera L\u00f3pez<\/b> exhort\u00f3 a los fieles a participar con generosidad en esta tradici\u00f3n que sostiene la misi\u00f3n pastoral de la Iglesia local. \u201cEl Diezmo es un acto de fe, que reconoce que todo lo que somos y tenemos es un don recibido\u201d, expres\u00f3 el arzobispo, subrayando que esta aportaci\u00f3n anual representa un gesto concreto de confianza en Dios y de apoyo al servicio eclesial.<\/p>\n<p><b>Un d\u00eda de salario para sostener la misi\u00f3n<\/b><\/p>\n<p>El Diezmo \u2014equivalente a lo proporcional a un d\u00eda de salario y ofrecido una vez al a\u00f1o\u2014 se destina a m\u00faltiples necesidades pastorales de la Arquidi\u00f3cesis, entre ellas:<\/p>\n<ul>\n<li>Mantenimiento de templos y capillas<\/li>\n<li>Formaci\u00f3n de futuros sacerdotes<\/li>\n<li>Proyectos de evangelizaci\u00f3n<\/li>\n<li>Programas pastorales permanentes<\/li>\n<li>Atenci\u00f3n a sacerdotes enfermos o de edad avanzada<\/li>\n<\/ul>\n<p>La Arquidi\u00f3cesis record\u00f3 que esta contribuci\u00f3n es un compromiso propio de todo bautizado y que no se reemplaza con otras ayudas o donativos destinados a diversas causas, por valiosas que estas sean.<\/p>\n<p><b>Colectas especiales el 29 y 30 de noviembre<\/b><\/p>\n<p>El arzobispo Cabrera L\u00f3pez pidi\u00f3 a p\u00e1rrocos, rectores y responsables de comunidades que las colectas de las misas del <b>s\u00e1bado 29 y domingo 30 de noviembre<\/b> se destinen \u00edntegramente al Diezmo. Dichos recursos deber\u00e1n enviarse a la Tesorer\u00eda arquidiocesana durante la segunda semana de diciembre.<br \/>\nPara quienes no puedan cumplir en esas fechas, la campa\u00f1a permanecer\u00e1 abierta especialmente durante <b>enero y febrero<\/b>.<\/p>\n<p><b>Modalidades para aportar<\/b><\/p>\n<p>Los fieles podr\u00e1n entregar su Diezmo:<\/p>\n<ul>\n<li>En cualquier iglesia, mediante el sobre destinado para este fin<\/li>\n<li>En la alcanc\u00eda del Diezmo<\/li>\n<li>Directamente en la Tesorer\u00eda de la Arquidi\u00f3cesis<\/li>\n<li>A trav\u00e9s de las opciones electr\u00f3nicas disponibles en <a href=\"http:\/\/tudiezmo.com\/como-dar\"><b>tudiezmo.com\/como-dar<\/b><b><\/b><\/a><\/li>\n<\/ul>\n<p><b>\u201cDios es nuestra providencia\u201d<\/b><\/p>\n<p>El mensaje concluye con una invocaci\u00f3n a la <b>Sant\u00edsima Virgen del Roble<\/b>, patrona de la Arquidi\u00f3cesis, para que acompa\u00f1e a los fieles en este camino de generosidad y confianza. \u201cDios es nuestra providencia y jam\u00e1s abandona a quienes conf\u00edan en \u00c9l\u201d, record\u00f3 el arzobispo.<\/p>\n","protected":false},"excerpt":{"rendered":"<p>Con el inicio del tiempo de Adviento, la Arquidi\u00f3cesis de Monterrey anunci\u00f3 el arranque oficial de la Campa\u00f1a del Diezmo 2025-2026, iniciativa que cada a\u00f1o invita<span class=\"excerpt-hellip\"> [\u2026]<\/span><\/p>\n","protected":false},"author":3,"featured_media":17858,"comment_status":"closed","ping_status":"closed","sticky":false,"template":"","format":"standard","meta":[],"categories":[7,14],"tags":[75],"_links":{"self":[{"href":"https:\/\/www.arquidiocesismty.org\/arquimty\/wp-json\/wp\/v2\/posts\/17857"}],"collection":[{"href":"https:\/\/www.arquidiocesismty.org\/arquimty\/wp-json\/wp\/v2\/posts"}],"about":[{"href":"https:\/\/www.arquidiocesismty.org\/arquimty\/wp-json\/wp\/v2\/types\/post"}],"author":[{"embeddable":true,"href":"https:\/\/www.arquidiocesismty.org\/arquimty\/wp-json\/wp\/v2\/users\/3"}],"replies":[{"embeddable":true,"href":"https:\/\/www.arquidiocesismty.org\/arquimty\/wp-json\/wp\/v2\/comments?post=17857"}],"version-history":[{"count":1,"href":"https:\/\/www.arquidiocesismty.org\/arquimty\/wp-json\/wp\/v2\/posts\/17857\/revisions"}],"predecessor-version":[{"id":17859,"href":"https:\/\/www.arquidiocesismty.org\/arquimty\/wp-json\/wp\/v2\/posts\/17857\/revisions\/17859"}],"wp:featuredmedia":[{"embeddable":true,"href":"https:\/\/www.arquidiocesismty.org\/arquimty\/wp-json\/wp\/v2\/media\/17858"}],"wp:attachment":[{"href":"https:\/\/www.arquidiocesismty.org\/arquimty\/wp-json\/wp\/v2\/media?parent=17857"}],"wp:term":[{"taxonomy":"category","embeddable":true,"href":"https:\/\/www.arquidiocesismty.org\/arquimty\/wp-json\/wp\/v2\/categories?post=17857"},{"taxonomy":"post_tag","embeddable":true,"href":"https:\/\/www.arquidiocesismty.org\/arquimty\/wp-json\/wp\/v2\/tags?post=17857"}],"curies":[{"name":"wp","href":"https:\/\/api.w.org\/{rel}","templated":true}]}}