{"id":17853,"date":"2025-11-20T09:29:22","date_gmt":"2025-11-20T15:29:22","guid":{"rendered":"https:\/\/www.arquidiocesismty.org\/arquimty\/?p=17853"},"modified":"2025-11-20T09:29:22","modified_gmt":"2025-11-20T15:29:22","slug":"reconocen-al-arzobispo-rogelio-cabrera-en-encuentro-interreligioso-de-nuevo-leon","status":"publish","type":"post","link":"https:\/\/www.arquidiocesismty.org\/arquimty\/reconocen-al-arzobispo-rogelio-cabrera-en-encuentro-interreligioso-de-nuevo-leon\/","title":{"rendered":"RECONOCEN AL ARZOBISPO ROGELIO CABRERA EN ENCUENTRO INTERRELIGIOSO DE NUEVO LE\u00d3N"},"content":{"rendered":"<p>El Consejo Interreligioso del Estado de Nuevo Le\u00f3n celebr\u00f3 este martes una ceremonia especial en honor de Mons. Rogelio Cabrera L\u00f3pez, Arzobispo de Monterrey, con motivo de su pr\u00f3ximo cumplea\u00f1os n\u00famero 75.<span class=\"Apple-converted-space\">\u00a0<\/span><\/p>\n<p>El encuentro tuvo lugar en las instalaciones del Centro Israelita de Monterrey y reuni\u00f3 a representantes de diversas tradiciones religiosas, autoridades civiles y miembros de la sociedad para fortalecer los lazos de di\u00e1logo, colaboraci\u00f3n y unidad social.<\/p>\n<p>La celebraci\u00f3n coincidi\u00f3 con el 60 aniversario de Nostra Aetate, la declaraci\u00f3n del Concilio Vaticano II que llama a la Iglesia cat\u00f3lica al respeto y reconocimiento de todas las religiones, con particular cercan\u00eda hacia el pueblo jud\u00edo, considerado \u201chermanos mayores\u201d en la fe.<\/p>\n<p><strong>Asistentes y representaci\u00f3n interreligiosa<\/strong><\/p>\n<p>Al evento acudieron personalidades del \u00e1mbito religioso y gubernamental, entre ellos los obispos auxiliares de Monterrey, Mons. Heriberto Cavazos y Mons. Jos\u00e9 Garza Madero; el Rev. V\u00edctor Zu\u00f1iga, de la Comunidad Anglicana de M\u00e9xico; el Director de Asuntos Religiosos del Estado, C\u00e9sar G\u00f3mez Trevi\u00f1o; el Subsecretario de Gobierno, Juan Isidoro Luna Hern\u00e1ndez; y la Directora de Asuntos Religiosos de Monterrey, Mayela Ram\u00edrez.<\/p>\n<p>Tambi\u00e9n estuvieron presentes el Pastor Samuel Garc\u00eda, del templo Alfa y Omega y tesorero titular del Consejo Interreligioso; el Pastor Misael Pedraza, de la Iglesia Adventista, y secretario general del Consejo; as\u00ed como destacados l\u00edderes de la comunidad jud\u00eda, entre ellos Miriam y Samuel Weissberger, Salom\u00f3n Karakowsky y su esposa Raquel, Abraham y Jessica Tornell, la historiadora Ana Portnoy y su esposo Enrique Berner, adem\u00e1s del Rabino Zalmy Zrugo.<\/p>\n<p>A la ceremonia acudieron tambi\u00e9n el ex Secretario de Gobierno, Javier Navarro, y su esposa Ofelia Castel.<\/p>\n<p>?? ??????? ???????? ?? ?? ????????, ?? ???????? ? ?? ?????????????\u0301?<\/p>\n<p>Durante su intervenci\u00f3n, Mons. Rogelio Cabrera L\u00f3pez expres\u00f3 su gratitud por la hospitalidad del Centro Israelita y subray\u00f3 el valor humano y religioso del encuentro:<\/p>\n<p>\u201cLa hospitalidad es una de las m\u00e1s grandes virtudes que podemos tener los seres humanos. Agradezco este gesto que recorre todas nuestras tradiciones de fe.\u201d<\/p>\n<p>El Arzobispo centr\u00f3 su mensaje en tres actitudes esenciales para la convivencia:<\/p>\n<p>\u201cGracias, por favor y perd\u00f3n: si estas tres palabras acompa\u00f1aran nuestra vida, ser\u00edamos mejores personas. El que no sabe agradecer no es humano; decir \u2018por favor\u2019 es un acto de humildad; y pedir perd\u00f3n es camino de reconciliaci\u00f3n.\u201d<\/p>\n<p>Asimismo, destac\u00f3 que los elogios recibidos constituyen un llamado a una mayor responsabilidad:<\/p>\n<p>\u201cUna buena palabra, un halago, siempre se convierte en una tarea. Agradezco lo dicho, pero me compromete a ser mejor.\u201d<\/p>\n<p>Finalmente, subray\u00f3 el sentido comunitario del encuentro:<\/p>\n<p>\u201cNadie hace algo solo; caminamos como compa\u00f1eros de viaje, compartiendo no solo el pan material, sino el pan del afecto y del amor. Donde no hay amor, la sociedad muere.\u201d<\/p>\n<p>???????, ???????????\u0301? ? ?????? ??????????<\/p>\n<p>Durante la ceremonia, la Dra. Cristina Gonz\u00e1lez Par\u00e1s record\u00f3 los or\u00edgenes del Consejo Interreligioso, impulsado por ella misma, la Dra. Rosal\u00eda, la Lic. Am\u00e9rica \u2014representante del pastor Richard Hays\u2014 y el Pastor Rosal\u00edo Garc\u00eda, inspirados por la amistad hist\u00f3rica entre el Rabino Kaiman y el Cardenal Adolfo Su\u00e1rez Rivera.<\/p>\n<p>Se destac\u00f3 tambi\u00e9n la participaci\u00f3n del presidente de C\u00e1ritas de Monterrey, Roberto Dillon, as\u00ed como de la Sra. Tere<span class=\"Apple-converted-space\">\u00a0<\/span><\/p>\n<p>Villarreal, fundadora de ALZ AC.<\/p>\n<p>Entre los asistentes figuraron igualmente el rector de la UDEM, Lic. Mario Paez, y su esposa Nidia.<\/p>\n<p>Un nutrido grupo de cl\u00e9rigos cat\u00f3licos acompa\u00f1\u00f3 el encuentro, junto al reverendo anglicano Raymundo Camacho y otros miembros de la Iglesia Anglicana de M\u00e9xico. Representantes de la sociedad civil como Luz Mar\u00eda Ortiz Quintos, Virginia Sandoval, la comunidad Hare Krishna y miembros de tradiciones budistas tambi\u00e9n se hicieron presentes, en un gesto de aut\u00e9ntica fraternidad interreligiosa.<\/p>\n<p>?? ?????? ???????<\/p>\n<p>El encuentro concluy\u00f3 en un ambiente de convivencia y reconocimiento mutuo. Como gesto final, los asistentes cantaron las tradicionales ma\u00f1anitas y compartieron un pastel en honor del Arzobispo, reafirmando el compromiso del Consejo Interreligioso con la unidad, la cooperaci\u00f3n y la construcci\u00f3n de la paz en Nuevo Le\u00f3n.<\/p>\n","protected":false},"excerpt":{"rendered":"<p>El Consejo Interreligioso del Estado de Nuevo Le\u00f3n celebr\u00f3 este martes una ceremonia especial en honor de Mons. Rogelio Cabrera L\u00f3pez, Arzobispo de Monterrey, con motivo<span class=\"excerpt-hellip\"> [\u2026]<\/span><\/p>\n","protected":false},"author":3,"featured_media":17854,"comment_status":"closed","ping_status":"closed","sticky":false,"template":"","format":"standard","meta":[],"categories":[7,14],"tags":[82],"_links":{"self":[{"href":"https:\/\/www.arquidiocesismty.org\/arquimty\/wp-json\/wp\/v2\/posts\/17853"}],"collection":[{"href":"https:\/\/www.arquidiocesismty.org\/arquimty\/wp-json\/wp\/v2\/posts"}],"about":[{"href":"https:\/\/www.arquidiocesismty.org\/arquimty\/wp-json\/wp\/v2\/types\/post"}],"author":[{"embeddable":true,"href":"https:\/\/www.arquidiocesismty.org\/arquimty\/wp-json\/wp\/v2\/users\/3"}],"replies":[{"embeddable":true,"href":"https:\/\/www.arquidiocesismty.org\/arquimty\/wp-json\/wp\/v2\/comments?post=17853"}],"version-history":[{"count":1,"href":"https:\/\/www.arquidiocesismty.org\/arquimty\/wp-json\/wp\/v2\/posts\/17853\/revisions"}],"predecessor-version":[{"id":17855,"href":"https:\/\/www.arquidiocesismty.org\/arquimty\/wp-json\/wp\/v2\/posts\/17853\/revisions\/17855"}],"wp:featuredmedia":[{"embeddable":true,"href":"https:\/\/www.arquidiocesismty.org\/arquimty\/wp-json\/wp\/v2\/media\/17854"}],"wp:attachment":[{"href":"https:\/\/www.arquidiocesismty.org\/arquimty\/wp-json\/wp\/v2\/media?parent=17853"}],"wp:term":[{"taxonomy":"category","embeddable":true,"href":"https:\/\/www.arquidiocesismty.org\/arquimty\/wp-json\/wp\/v2\/categories?post=17853"},{"taxonomy":"post_tag","embeddable":true,"href":"https:\/\/www.arquidiocesismty.org\/arquimty\/wp-json\/wp\/v2\/tags?post=17853"}],"curies":[{"name":"wp","href":"https:\/\/api.w.org\/{rel}","templated":true}]}}