{"id":17849,"date":"2025-11-17T21:51:21","date_gmt":"2025-11-18T03:51:21","guid":{"rendered":"https:\/\/www.arquidiocesismty.org\/arquimty\/?p=17849"},"modified":"2025-11-17T21:51:21","modified_gmt":"2025-11-18T03:51:21","slug":"presentan-libro-una-revolucion-de-nosotros-mismo","status":"publish","type":"post","link":"https:\/\/www.arquidiocesismty.org\/arquimty\/presentan-libro-una-revolucion-de-nosotros-mismo\/","title":{"rendered":"PRESENTAN LIBRO: UNA REVOLUCI\u00d3N DE NOSOTROS MISMO"},"content":{"rendered":"<p>En un ambiente de profunda reflexi\u00f3n comunitaria, la parroquia Nuestra Se\u00f1ora Reina de los \u00c1ngeles fue sede de la presentaci\u00f3n del libro Una revoluci\u00f3n de nosotros mismos, del sacerdote italiano Luigi Giussani, fundador del movimiento Comuni\u00f3n y Liberaci\u00f3n, que promovi\u00f3 el evento.<span class=\"Apple-converted-space\">\u00a0<\/span><\/p>\n<p>La obra fue comentada ante decenas de asistentes por el Arzobispo de Monterrey, Mons. Rogelio Cabrera L\u00f3pez, y por el acad\u00e9mico laico Daniele Semprini de la Universidad Lumen Gentium, Daniele Semprini.<\/p>\n<p>El texto, cuyo subt\u00edtulo es La vida como comuni\u00f3n, propone una visi\u00f3n cristiana en la que la fe no se vive de forma aislada, sino como una experiencia compartida que transforma profundamente a la persona.<span class=\"Apple-converted-space\">\u00a0<\/span><\/p>\n<p>Giussani plantea que la verdadera revoluci\u00f3n no es ideol\u00f3gica ni violenta, sino un cambio interior que surge del encuentro con Dios y con los dem\u00e1s.<\/p>\n<p>Durante su intervenci\u00f3n, Daniele Semprini describi\u00f3 esta propuesta como \u201cuna revoluci\u00f3n total del ser\u201d, subrayando que para Giussani la pertenencia a Cristo es el fundamento de toda transformaci\u00f3n: \u201cSi uno no est\u00e1 apegado a la ra\u00edz, no da fruto\u201d, afirm\u00f3.<span class=\"Apple-converted-space\">\u00a0<\/span><\/p>\n<p>Como parte de su participaci\u00f3n, Semprini comparti\u00f3 dos cantos compuestos por el mismo Giussani: El Cirineo \u2014\u201cTe segu\u00ed en tu camino\u2026 y el cargo amargo se me volvi\u00f3 alegr\u00eda\u201d\u2014 y Sin ustedes, que expresa la necesidad de la comunidad: \u201cSin ustedes qu\u00e9 ser\u00eda, yo en el mundo me perder\u00eda\u201d.<\/p>\n<p>Por su parte, Mons. Rogelio Cabrera resalt\u00f3 que la comuni\u00f3n, tal como la entend\u00eda Giussani, es siempre contempor\u00e1nea: se vive con quienes comparten nuestra vida cotidiana. Record\u00f3 tambi\u00e9n que el esp\u00edritu del Concilio Vaticano II, impulsado por san Juan XXIII y san Pablo VI, abri\u00f3 nuevos caminos para dialogar con aquellos que no creen en Dios, aunque esta apertura no estuvo exenta de resistencias. En ese contexto, destac\u00f3, la propuesta de Giussani es especialmente l\u00facida y vigente.<\/p>\n<p>\u201cEl que vive bien su presente profetiza, y Don Giussani as\u00ed lo hizo\u201d, afirm\u00f3 el Arzobispo. Invit\u00f3 adem\u00e1s a leer esta obra y las dem\u00e1s del autor, pues est\u00e1n marcadas por una mirada misericordiosa que permite no quedar atrapados en los errores ajenos ni en ideolog\u00edas que convierten al otro en enemigo. \u201cEl cristiano no puede ver a los dem\u00e1s nunca como enemigos\u201d, subray\u00f3.<\/p>\n<p>La presentaci\u00f3n concluy\u00f3 con un llamado a redescubrir la vida cristiana como un camino de comuni\u00f3n concreta, capaz de renovar a la persona y de ofrecer un testimonio aut\u00e9ntico dentro de la Iglesia y del mundo.<\/p>\n","protected":false},"excerpt":{"rendered":"<p>En un ambiente de profunda reflexi\u00f3n comunitaria, la parroquia Nuestra Se\u00f1ora Reina de los \u00c1ngeles fue sede de la presentaci\u00f3n del libro Una revoluci\u00f3n de nosotros<span class=\"excerpt-hellip\"> [\u2026]<\/span><\/p>\n","protected":false},"author":3,"featured_media":17850,"comment_status":"closed","ping_status":"closed","sticky":false,"template":"","format":"standard","meta":[],"categories":[7,14],"tags":[75],"_links":{"self":[{"href":"https:\/\/www.arquidiocesismty.org\/arquimty\/wp-json\/wp\/v2\/posts\/17849"}],"collection":[{"href":"https:\/\/www.arquidiocesismty.org\/arquimty\/wp-json\/wp\/v2\/posts"}],"about":[{"href":"https:\/\/www.arquidiocesismty.org\/arquimty\/wp-json\/wp\/v2\/types\/post"}],"author":[{"embeddable":true,"href":"https:\/\/www.arquidiocesismty.org\/arquimty\/wp-json\/wp\/v2\/users\/3"}],"replies":[{"embeddable":true,"href":"https:\/\/www.arquidiocesismty.org\/arquimty\/wp-json\/wp\/v2\/comments?post=17849"}],"version-history":[{"count":1,"href":"https:\/\/www.arquidiocesismty.org\/arquimty\/wp-json\/wp\/v2\/posts\/17849\/revisions"}],"predecessor-version":[{"id":17851,"href":"https:\/\/www.arquidiocesismty.org\/arquimty\/wp-json\/wp\/v2\/posts\/17849\/revisions\/17851"}],"wp:featuredmedia":[{"embeddable":true,"href":"https:\/\/www.arquidiocesismty.org\/arquimty\/wp-json\/wp\/v2\/media\/17850"}],"wp:attachment":[{"href":"https:\/\/www.arquidiocesismty.org\/arquimty\/wp-json\/wp\/v2\/media?parent=17849"}],"wp:term":[{"taxonomy":"category","embeddable":true,"href":"https:\/\/www.arquidiocesismty.org\/arquimty\/wp-json\/wp\/v2\/categories?post=17849"},{"taxonomy":"post_tag","embeddable":true,"href":"https:\/\/www.arquidiocesismty.org\/arquimty\/wp-json\/wp\/v2\/tags?post=17849"}],"curies":[{"name":"wp","href":"https:\/\/api.w.org\/{rel}","templated":true}]}}