{"id":17844,"date":"2025-11-15T12:49:25","date_gmt":"2025-11-15T18:49:25","guid":{"rendered":"https:\/\/www.arquidiocesismty.org\/arquimty\/?p=17844"},"modified":"2025-11-17T21:46:46","modified_gmt":"2025-11-18T03:46:46","slug":"monterrey-recibe-el-xxi-encuentro-nacional-de-diaconos-permanentes-y-sus-esposas","status":"publish","type":"post","link":"https:\/\/www.arquidiocesismty.org\/arquimty\/monterrey-recibe-el-xxi-encuentro-nacional-de-diaconos-permanentes-y-sus-esposas\/","title":{"rendered":"MONTERREY RECIBE EL XXI ENCUENTRO NACIONAL DE DI\u00c1CONOS PERMANENTES Y SUS ESPOSAS"},"content":{"rendered":"<p>Con la participaci\u00f3n de di\u00e1conos de todo el pa\u00eds y sus familias, la Arquidi\u00f3cesis de Monterrey es sede del XXI Encuentro Nacional de Di\u00e1conos Permanentes y sus Esposas, organizado por la Dimensi\u00f3n Episcopal del Di\u00e1cono Permanente de la Conferencia del Episcopado Mexicano (CEM). Las actividades est\u00e1n presididas por Mons. Rogelio Cabrera L\u00f3pez, arzobispo de Monterrey.<\/p>\n<p>El encuentro, que se desarrolla durante este fin de semana, re\u00fane espacios de formaci\u00f3n espiritual, reflexi\u00f3n pastoral y fortalecimiento matrimonial. Entre los expositores de la Arquidi\u00f3cesis de Monterrey participan el propio Arzobispo, los obispos auxiliares Mons. Juan Armando P\u00e9rez Talamantes, Mons. Carlos Santos Garc\u00eda y Mons. Jos\u00e9 Garza Madero, as\u00ed como el psic\u00f3logo Gerardo Garc\u00eda Reyes, quien impartir\u00e1 la din\u00e1mica \u201cDi\u00e1logos que dignifican\u201d y una conferencia sobre salud integral.<\/p>\n<p>Misa de bienvenida en la Bas\u00edlica de Nuestra Se\u00f1ora del Roble<\/p>\n<p>Este s\u00e1bado, Mons. Rogelio Cabrera L\u00f3pez presidi\u00f3 la Santa Misa en la Bas\u00edlica del Roble, donde dirigi\u00f3 un mensaje especial a los di\u00e1conos y a sus esposas, reconociendo su servicio y compromiso dentro de la misi\u00f3n de la Iglesia.<\/p>\n<p>\u201cAqu\u00ed en nuestra arquidi\u00f3cesis son una bendici\u00f3n para nosotros; los cerca de 170 di\u00e1conos que hay en nuestra Iglesia son verdaderos colaboradores en nuestro ministerio\u201d, expres\u00f3. Agradeci\u00f3 de manera particular el papel de las esposas: \u201cSin ustedes el servicio ser\u00eda muy dif\u00edcil y complicado; ustedes los apoyan, los acompa\u00f1an, y en ustedes se cumple el misterio del santo matrimonio: los dos son una sola cosa.\u201d<\/p>\n<p>Durante su homil\u00eda, el arzobispo destac\u00f3 que el diaconado es un ministerio profundamente unido a la obediencia de la fe, recordando que Jes\u00fas, la Virgen Mar\u00eda y San Jos\u00e9 son modelos de obediencia que gu\u00edan la vida cristiana. Subray\u00f3 adem\u00e1s que los di\u00e1conos est\u00e1n llamados a servir con cercan\u00eda a los m\u00e1s vulnerables.<\/p>\n<p>\u201cTenemos tres tesoros: la Palabra de Dios, la Eucarist\u00eda y los pobres; tesoros que debemos cuidar y nunca descuidar. Ustedes son ministros de la caridad\u201d, afirm\u00f3.<\/p>\n<p>Mons. Cabrera alent\u00f3 a los di\u00e1conos a mantener un equilibrio entre la vida familiar y el servicio pastoral:<\/p>\n<p>\u201cUn ojo al gato y otro al garabato. Si aman verdaderamente a sus esposas y a sus hijos, van a amar a los pobres; el amor o es para todos o no existe.\u201d<\/p>\n<p>Asimismo, invit\u00f3 a los p\u00e1rrocos a abrir espacios para que los di\u00e1conos puedan reforzar su misi\u00f3n de acompa\u00f1ar a los enfermos, visitar hogares necesitados y participar activamente en las obras de C\u00e1ritas.<\/p>\n<p>Un llamado a la caridad como signo del diaconado<\/p>\n<p>Enfatizando la identidad del di\u00e1cono como \u201csigno sacramental del amor de Dios que no excluye a nadie\u201d, Mons. Cabrera pidi\u00f3 que en sus comunidades \u201cbrille siempre la caridad\u201d. Record\u00f3 tambi\u00e9n que, ante la escasez de vocaciones sacerdotales, se recurre a los di\u00e1conos para apoyar celebraciones, pero subray\u00f3 que su misi\u00f3n fundamental es la atenci\u00f3n a los pobres.<\/p>\n<p>El encuentro concluir\u00e1 con espacios de oraci\u00f3n, din\u00e1micas de fortalecimiento matrimonial y reflexiones sobre el tema central: \u201cEl lugar de la esposa en el ministerio del di\u00e1cono\u201d, destacando su participaci\u00f3n integral en la vocaci\u00f3n y misi\u00f3n del servicio eclesial.<\/p>\n","protected":false},"excerpt":{"rendered":"<p>Con la participaci\u00f3n de di\u00e1conos de todo el pa\u00eds y sus familias, la Arquidi\u00f3cesis de Monterrey es sede del XXI Encuentro Nacional de Di\u00e1conos Permanentes y<span class=\"excerpt-hellip\"> [\u2026]<\/span><\/p>\n","protected":false},"author":3,"featured_media":17845,"comment_status":"closed","ping_status":"closed","sticky":false,"template":"","format":"standard","meta":[],"categories":[7,14],"tags":[75],"_links":{"self":[{"href":"https:\/\/www.arquidiocesismty.org\/arquimty\/wp-json\/wp\/v2\/posts\/17844"}],"collection":[{"href":"https:\/\/www.arquidiocesismty.org\/arquimty\/wp-json\/wp\/v2\/posts"}],"about":[{"href":"https:\/\/www.arquidiocesismty.org\/arquimty\/wp-json\/wp\/v2\/types\/post"}],"author":[{"embeddable":true,"href":"https:\/\/www.arquidiocesismty.org\/arquimty\/wp-json\/wp\/v2\/users\/3"}],"replies":[{"embeddable":true,"href":"https:\/\/www.arquidiocesismty.org\/arquimty\/wp-json\/wp\/v2\/comments?post=17844"}],"version-history":[{"count":2,"href":"https:\/\/www.arquidiocesismty.org\/arquimty\/wp-json\/wp\/v2\/posts\/17844\/revisions"}],"predecessor-version":[{"id":17848,"href":"https:\/\/www.arquidiocesismty.org\/arquimty\/wp-json\/wp\/v2\/posts\/17844\/revisions\/17848"}],"wp:featuredmedia":[{"embeddable":true,"href":"https:\/\/www.arquidiocesismty.org\/arquimty\/wp-json\/wp\/v2\/media\/17845"}],"wp:attachment":[{"href":"https:\/\/www.arquidiocesismty.org\/arquimty\/wp-json\/wp\/v2\/media?parent=17844"}],"wp:term":[{"taxonomy":"category","embeddable":true,"href":"https:\/\/www.arquidiocesismty.org\/arquimty\/wp-json\/wp\/v2\/categories?post=17844"},{"taxonomy":"post_tag","embeddable":true,"href":"https:\/\/www.arquidiocesismty.org\/arquimty\/wp-json\/wp\/v2\/tags?post=17844"}],"curies":[{"name":"wp","href":"https:\/\/api.w.org\/{rel}","templated":true}]}}