{"id":17840,"date":"2025-11-11T08:42:41","date_gmt":"2025-11-11T14:42:41","guid":{"rendered":"https:\/\/www.arquidiocesismty.org\/arquimty\/?p=17840"},"modified":"2025-11-11T08:42:57","modified_gmt":"2025-11-11T14:42:57","slug":"avanza-la-construccion-del-memorial-de-la-misericordia-invitan-a-misa-y-bendicion-del-pilote-numero-15","status":"publish","type":"post","link":"https:\/\/www.arquidiocesismty.org\/arquimty\/avanza-la-construccion-del-memorial-de-la-misericordia-invitan-a-misa-y-bendicion-del-pilote-numero-15\/","title":{"rendered":"AVANZA LA CONSTRUCCI\u00d3N DEL MEMORIAL DE LA MISERICORDIA: INVITAN A MISA Y BENDICI\u00d3N DEL PILOTE N\u00daMERO 15"},"content":{"rendered":"<p>La Arquidi\u00f3cesis de Monterrey invita a todos los movimientos, grupos apost\u00f3licos y comunidades a participar en la <b>Santa Misa y bendici\u00f3n del Pilote n\u00famero 15<\/b> de la cimentaci\u00f3n de la <b>Cruz del Memorial de la Misericordia<\/b>, que se realizar\u00e1 el pr\u00f3ximo <b>mi\u00e9rcoles 12 de noviembre<\/b>, en la cima del monte donde se levanta esta gran obra de fe, junto a la imagen de <b>Santa Mar\u00eda de Guadalupe, Madre de la Misericordia<\/b>.<\/p>\n<p>El <b>punto de reuni\u00f3n<\/b> ser\u00e1 en la <b>Plaza Kalah<\/b> (San Alberto Ote. 417, Zona Loma Larga Oriente, en San Pedro Garza Garc\u00eda) a las <b>9:40 a.m.<\/b>, para ascender hacia la cima. La <b>Santa Misa<\/b> se celebrar\u00e1 a las <b>10:00 a.m.<\/b>, y posteriormente, a las <b>10:45 a.m.<\/b>, se realizar\u00e1 la <b>bendici\u00f3n del pilote<\/b>.<\/p>\n<p>Este pilote ser\u00e1 dedicado bajo la custodia de <b>San Juan Bautista, San Longinos y Santa Helena<\/b>, figuras que testimonian el Misterio de la Cruz y recuerdan el llamado a anunciar y honrar el amor redentor de Cristo.<\/p>\n<p>Asimismo, se invita a los <b>movimientos y grupos apost\u00f3licos<\/b> a depositar un objeto o emblema peque\u00f1o representativo de su apostolado, que quedar\u00e1 incrustado en el pilote como <b>signo de comuni\u00f3n eclesial<\/b>. Para coordinar esta participaci\u00f3n, se ha dispuesto el contacto de la Sra. <b>Gaby Gonz\u00e1lez<\/b> al <b>81 8253 0780<\/b>.<\/p>\n<p>\u201cEl Memorial de la Misericordia contin\u00faa avanzando como signo de esperanza para M\u00e9xico y el mundo\u201d, se\u00f1al\u00f3 el comunicado firmado por <b>Monse\u00f1or Rogelio Cabrera L\u00f3pez<\/b>, Arzobispo de Monterrey, quien invita a la comunidad a unirse espiritual o presencialmente en esta jornada de fe.<\/p>\n","protected":false},"excerpt":{"rendered":"<p>La Arquidi\u00f3cesis de Monterrey invita a todos los movimientos, grupos apost\u00f3licos y comunidades a participar en la Santa Misa y bendici\u00f3n del Pilote n\u00famero 15 de<span class=\"excerpt-hellip\"> [\u2026]<\/span><\/p>\n","protected":false},"author":3,"featured_media":17841,"comment_status":"closed","ping_status":"closed","sticky":false,"template":"","format":"standard","meta":[],"categories":[7,14],"tags":[75,181],"_links":{"self":[{"href":"https:\/\/www.arquidiocesismty.org\/arquimty\/wp-json\/wp\/v2\/posts\/17840"}],"collection":[{"href":"https:\/\/www.arquidiocesismty.org\/arquimty\/wp-json\/wp\/v2\/posts"}],"about":[{"href":"https:\/\/www.arquidiocesismty.org\/arquimty\/wp-json\/wp\/v2\/types\/post"}],"author":[{"embeddable":true,"href":"https:\/\/www.arquidiocesismty.org\/arquimty\/wp-json\/wp\/v2\/users\/3"}],"replies":[{"embeddable":true,"href":"https:\/\/www.arquidiocesismty.org\/arquimty\/wp-json\/wp\/v2\/comments?post=17840"}],"version-history":[{"count":2,"href":"https:\/\/www.arquidiocesismty.org\/arquimty\/wp-json\/wp\/v2\/posts\/17840\/revisions"}],"predecessor-version":[{"id":17843,"href":"https:\/\/www.arquidiocesismty.org\/arquimty\/wp-json\/wp\/v2\/posts\/17840\/revisions\/17843"}],"wp:featuredmedia":[{"embeddable":true,"href":"https:\/\/www.arquidiocesismty.org\/arquimty\/wp-json\/wp\/v2\/media\/17841"}],"wp:attachment":[{"href":"https:\/\/www.arquidiocesismty.org\/arquimty\/wp-json\/wp\/v2\/media?parent=17840"}],"wp:term":[{"taxonomy":"category","embeddable":true,"href":"https:\/\/www.arquidiocesismty.org\/arquimty\/wp-json\/wp\/v2\/categories?post=17840"},{"taxonomy":"post_tag","embeddable":true,"href":"https:\/\/www.arquidiocesismty.org\/arquimty\/wp-json\/wp\/v2\/tags?post=17840"}],"curies":[{"name":"wp","href":"https:\/\/api.w.org\/{rel}","templated":true}]}}