{"id":17837,"date":"2025-11-10T14:31:06","date_gmt":"2025-11-10T20:31:06","guid":{"rendered":"https:\/\/www.arquidiocesismty.org\/arquimty\/?p=17837"},"modified":"2025-11-10T14:31:06","modified_gmt":"2025-11-10T20:31:06","slug":"casa-monarca-celebra-10-anos-de-servicio-y-amor-hacia-las-personas-migrantes","status":"publish","type":"post","link":"https:\/\/www.arquidiocesismty.org\/arquimty\/casa-monarca-celebra-10-anos-de-servicio-y-amor-hacia-las-personas-migrantes\/","title":{"rendered":"CASA MONARCA CELEBRA 10 A\u00d1OS DE SERVICIO Y AMOR HACIA LAS PERSONAS MIGRANTES"},"content":{"rendered":"<p>Con una Eucarist\u00eda presidida por el Arzobispo de Monterrey, se celebr\u00f3 el pasado 3 de noviembre el d\u00e9cimo aniversario de la Casa Monarca, refugio que durante una d\u00e9cada ha ofrecido acogida, acompa\u00f1amiento y esperanza a miles de personas migrantes que atraviesan Nuevo Le\u00f3n en su camino hacia una vida mejor.<br class=\"html-br\" \/><br class=\"html-br\" \/>La celebraci\u00f3n tuvo lugar en las instalaciones del refugio, donde el Arzobispo expres\u00f3 su profundo agradecimiento a Dios por esta obra de misericordia y por todos quienes han contribuido a hacerla posible. En especial, dirigi\u00f3 palabras de reconocimiento al Padre Luis Eduardo Zavala, fundador y director de la Casa Monarca, por su entrega constante, su sensibilidad pastoral y su compromiso inquebrantable con los m\u00e1s vulnerables.<br class=\"html-br\" \/><br class=\"html-br\" \/>\u201cA veces siento un remordimiento por dejar solo al padre Luis Eduardo \u2014dijo el Arzobispo con cercan\u00eda\u2014, porque s\u00e9 que este trabajo es de 24 horas. Pero pedimos a Dios que le conceda fortaleza, resistencia y esperanza para seguir adelante. \u00c9l y su equipo son testimonio vivo de una caridad que no se cansa\u201d.<br class=\"html-br\" \/><br class=\"html-br\" \/>Recordando los inicios del proyecto, el Arzobispo destac\u00f3 que la Casa Monarca naci\u00f3 como una iniciativa de fe y amor, una \u201cprimera\u201d \u2014como la llam\u00f3 inspir\u00e1ndose en el Papa Francisco\u2014, una acci\u00f3n que se arriesga sin esperar recompensas ni seguridades.<br class=\"html-br\" \/><br class=\"html-br\" \/>\u201cCasa Monarca fue una primera: una iniciativa de amor sin c\u00e1lculos, movida por la convicci\u00f3n de que el otro es importante y merece ser amado. As\u00ed comenz\u00f3 esta aventura de la solidaridad, sostenida por la providencia de Dios\u201d, afirm\u00f3.<br class=\"html-br\" \/><br class=\"html-br\" \/>Durante la homil\u00eda, el Arzobispo reflexion\u00f3 tambi\u00e9n sobre la ense\u00f1anza del Papa Francisco, quien desde el inicio de su pontificado invit\u00f3 a mirar con compasi\u00f3n la realidad de los migrantes. \u201cNos ayud\u00f3 \u2014dijo\u2014 a voltear la mirada y descubrir el rostro de Cristo en cada hombre y mujer que camina buscando una nueva oportunidad.\u201d<br class=\"html-br\" \/><br class=\"html-br\" \/>El prelado pidi\u00f3 a los presentes y a la comunidad en general acoger y tratar con dignidad a los migrantes, recordando que cada persona tiene un valor inigualable ante los ojos de Dios:<br class=\"html-br\" \/><br class=\"html-br\" \/>\u201c\u00bfQui\u00e9n te ha dicho que el color de la piel, el conocimiento o la condici\u00f3n social definen el valor de una persona? Ninguna circunstancia nos hace m\u00e1s o menos dignos. Todos somos hijos de Dios, y merecemos ser tratados con respeto y amor.\u201d<br class=\"html-br\" \/><br class=\"html-br\" \/>En el marco de la fiesta de San Mart\u00edn de Porres, celebrada el mismo d\u00eda, el Arzobispo record\u00f3 el ejemplo del santo lime\u00f1o, quien conoci\u00f3 el sufrimiento de la discriminaci\u00f3n y supo responder con humildad, servicio y ternura.<br class=\"html-br\" \/><br class=\"html-br\" \/>\u201cFrente al odio y al descarte, San Mart\u00edn nos ense\u00f1a el remedio del Evangelio: la humildad y el acercamiento. Amar sin esperar nada a cambio, servir sin c\u00e1lculo, acoger sin condiciones.\u201d<br class=\"html-br\" \/><br class=\"html-br\" \/>Finalmente, el Arzobispo alent\u00f3 a los colaboradores, voluntarios y benefactores de Casa Monarca a continuar esta obra que, dijo, \u201ces signo visible de la presencia de Dios en medio de su pueblo\u201d:<br class=\"html-br\" \/><br class=\"html-br\" \/>\u201cLa caridad es una carrera de obst\u00e1culos, pero tambi\u00e9n una carrera marat\u00f3nica. Sigamos adelante con confianza, sabiendo que Dios provee y que cada gesto de amor hacia un migrante es un acto de fe que transforma el mundo.\u201d<br class=\"html-br\" \/><br class=\"html-br\" \/>Fundada en 2014, la Casa Monarca, Refugio para Personas Migrantes, ha acompa\u00f1ado a miles de hombres, mujeres y familias que cruzan el pa\u00eds. Con el apoyo de voluntarios, benefactores y comunidades parroquiales, contin\u00faa siendo un faro de esperanza que proclama con hechos el Evangelio de la misericordia.<\/p>\n","protected":false},"excerpt":{"rendered":"<p>Con una Eucarist\u00eda presidida por el Arzobispo de Monterrey, se celebr\u00f3 el pasado 3 de noviembre el d\u00e9cimo aniversario de la Casa Monarca, refugio que durante<span class=\"excerpt-hellip\"> [\u2026]<\/span><\/p>\n","protected":false},"author":3,"featured_media":17838,"comment_status":"closed","ping_status":"closed","sticky":false,"template":"","format":"standard","meta":[],"categories":[7,14],"tags":[75,176],"_links":{"self":[{"href":"https:\/\/www.arquidiocesismty.org\/arquimty\/wp-json\/wp\/v2\/posts\/17837"}],"collection":[{"href":"https:\/\/www.arquidiocesismty.org\/arquimty\/wp-json\/wp\/v2\/posts"}],"about":[{"href":"https:\/\/www.arquidiocesismty.org\/arquimty\/wp-json\/wp\/v2\/types\/post"}],"author":[{"embeddable":true,"href":"https:\/\/www.arquidiocesismty.org\/arquimty\/wp-json\/wp\/v2\/users\/3"}],"replies":[{"embeddable":true,"href":"https:\/\/www.arquidiocesismty.org\/arquimty\/wp-json\/wp\/v2\/comments?post=17837"}],"version-history":[{"count":1,"href":"https:\/\/www.arquidiocesismty.org\/arquimty\/wp-json\/wp\/v2\/posts\/17837\/revisions"}],"predecessor-version":[{"id":17839,"href":"https:\/\/www.arquidiocesismty.org\/arquimty\/wp-json\/wp\/v2\/posts\/17837\/revisions\/17839"}],"wp:featuredmedia":[{"embeddable":true,"href":"https:\/\/www.arquidiocesismty.org\/arquimty\/wp-json\/wp\/v2\/media\/17838"}],"wp:attachment":[{"href":"https:\/\/www.arquidiocesismty.org\/arquimty\/wp-json\/wp\/v2\/media?parent=17837"}],"wp:term":[{"taxonomy":"category","embeddable":true,"href":"https:\/\/www.arquidiocesismty.org\/arquimty\/wp-json\/wp\/v2\/categories?post=17837"},{"taxonomy":"post_tag","embeddable":true,"href":"https:\/\/www.arquidiocesismty.org\/arquimty\/wp-json\/wp\/v2\/tags?post=17837"}],"curies":[{"name":"wp","href":"https:\/\/api.w.org\/{rel}","templated":true}]}}