{"id":17829,"date":"2025-11-10T08:30:29","date_gmt":"2025-11-10T14:30:29","guid":{"rendered":"https:\/\/www.arquidiocesismty.org\/arquimty\/?p=17829"},"modified":"2025-11-10T08:30:29","modified_gmt":"2025-11-10T14:30:29","slug":"encuentro-nacional-de-delegados-de-dialogo-interreligioso-y-comunion-en-monterrey","status":"publish","type":"post","link":"https:\/\/www.arquidiocesismty.org\/arquimty\/encuentro-nacional-de-delegados-de-dialogo-interreligioso-y-comunion-en-monterrey\/","title":{"rendered":"ENCUENTRO NACIONAL DE DELEGADOS DE DI\u00c1LOGO INTERRELIGIOSO Y COMUNI\u00d3N EN MONTERREY"},"content":{"rendered":"<p>Los d\u00edas 4, 5 y 6 de noviembre se llev\u00f3 a cabo en Monterrey el Encuentro Nacional de Delegados de Di\u00e1logo Interreligioso y Comuni\u00f3n, convocado por la Comisi\u00f3n Episcopal para el Di\u00e1logo Interreligioso y la Comuni\u00f3n (CEDIC).<\/p>\n<p>El evento reuni\u00f3 a delegados, laicos, religiosas ecum\u00e9nicas, miembros del Movimiento de los Focolares, sacerdotes y a los obispos Mons. Rodrigo Aguilar, Mons. Margarito Salazar y Mons. Hilario Gonz\u00e1lez, quienes dirigen y coordinan dicha comisi\u00f3n episcopal.<\/p>\n<p>El tema central de este a\u00f1o fue \u201cLa interculturalidad como base para el di\u00e1logo interreligioso\u201d, el cual fue desarrollado por el Pbro. H\u00e9ctor Fernando Mart\u00ednez, vicario de pastoral de la Di\u00f3cesis de la Tarahumara. A trav\u00e9s de videomensajes, reflexiones y mesas de trabajo, los participantes profundizaron en la importancia de comprender y valorar la diversidad cultural y religiosa de M\u00e9xico como un camino para construir la paz y la fraternidad social.<\/p>\n<p>Durante las jornadas, se propuso un plan nacional de animaci\u00f3n del di\u00e1logo interreligioso, orientado a fortalecer los espacios de oraci\u00f3n conjunta, la colaboraci\u00f3n entre distintas confesiones cristianas y religiones tradicionales, as\u00ed como la participaci\u00f3n en la Novena Intercontinental Guadalupana por la Paz. El objetivo, expresaron los organizadores, es fomentar la fraternidad humana y contribuir a la reconstrucci\u00f3n del tejido social y la armon\u00eda ciudadana.<\/p>\n<p>????????? ????????????? ? ??????????? ??????<\/p>\n<p>El encuentro cont\u00f3 tambi\u00e9n con la presencia de autoridades civiles. Asistieron como invitados la Lic. Clara Luz Flores, representante de la Secretar\u00eda de Gobernaci\u00f3n y titular de la Unidad de Asuntos Religiosos; representantes del Gobierno del Estado y del Municipio de Monterrey, entre ellos la Lic. Mayela Ram\u00edrez, encargada de Asuntos Religiosos del municipio, y el Secretario de Participaci\u00f3n Ciudadana Lic. Rafael Eduardo Ramos de la Garza.<\/p>\n<p>Como muestra de apertura y colaboraci\u00f3n, las autoridades municipales ofrecieron una cena de fraternidad en el Casino Monterrey a los participantes, en la que estuvieron presentes integrantes del Consejo Interreligioso de Nuevo Le\u00f3n, asociaciones civiles y otros invitados especiales.<\/p>\n<p>??????? ? ???????????? ?? ???????\u0301?<\/p>\n<p>Dentro del programa se incluyeron visitas a la Bas\u00edlica de Guadalupe y a la Bas\u00edlica del Roble, donde los delegados fueron recibidos por sus respectivos rectores y acompa\u00f1ados por el Pbro. Ra\u00fal Mena, quien les ofreci\u00f3 un recorrido did\u00e1ctico por la Bas\u00edlica de Nuestra Se\u00f1ora del Roble.<\/p>\n<p>Asimismo, se vivieron momentos significativos de encuentro con las comunidades del Centro Israelita y del Centro Isl\u00e1mico de Monterrey, en un ambiente de respeto y mutua comprensi\u00f3n. Estas actividades tuvieron como prop\u00f3sito conmemorar los 60 a\u00f1os de las declaraciones Nostra Aetate y Dignitatis Humanae del Concilio Vaticano II, documentos fundamentales que promovieron el respeto, la libertad religiosa y el di\u00e1logo entre credos.<\/p>\n<p>????? ?? ??????? ?? ????<\/p>\n<p>El encuentro se realiz\u00f3 en la Casa de los Misioneros Combonianos, bajo la acogida del P. Luis Alberto S\u00e1nchez Ram\u00edrez, quien, junto con el equipo del Departamento de Di\u00e1logo Interreligioso de la Arquidi\u00f3cesis de Monterrey, brind\u00f3 un c\u00e1lido acompa\u00f1amiento y apoyo log\u00edstico a los participantes.<\/p>\n<p>En un ambiente de fraternidad, los asistentes compartieron experiencias y propuestas para continuar fortaleciendo el di\u00e1logo y la comuni\u00f3n entre las distintas religiones y culturas del pa\u00eds, con la mirada puesta en el Jubileo de la Redenci\u00f3n de 2033.<\/p>\n<p>Finalmente, se anunci\u00f3 que la sede del pr\u00f3ximo Encuentro Nacional de Delegados de Di\u00e1logo Interreligioso y Comuni\u00f3n ser\u00e1 la Arquidi\u00f3cesis de M\u00e9xico en 2026, y los participantes asumieron el compromiso de seguir animando este esp\u00edritu de unidad en sus respectivas di\u00f3cesis.<\/p>\n","protected":false},"excerpt":{"rendered":"<p>Los d\u00edas 4, 5 y 6 de noviembre se llev\u00f3 a cabo en Monterrey el Encuentro Nacional de Delegados de Di\u00e1logo Interreligioso y Comuni\u00f3n, convocado por<span class=\"excerpt-hellip\"> [\u2026]<\/span><\/p>\n","protected":false},"author":3,"featured_media":17830,"comment_status":"closed","ping_status":"closed","sticky":false,"template":"","format":"standard","meta":[],"categories":[7,14],"tags":[75],"_links":{"self":[{"href":"https:\/\/www.arquidiocesismty.org\/arquimty\/wp-json\/wp\/v2\/posts\/17829"}],"collection":[{"href":"https:\/\/www.arquidiocesismty.org\/arquimty\/wp-json\/wp\/v2\/posts"}],"about":[{"href":"https:\/\/www.arquidiocesismty.org\/arquimty\/wp-json\/wp\/v2\/types\/post"}],"author":[{"embeddable":true,"href":"https:\/\/www.arquidiocesismty.org\/arquimty\/wp-json\/wp\/v2\/users\/3"}],"replies":[{"embeddable":true,"href":"https:\/\/www.arquidiocesismty.org\/arquimty\/wp-json\/wp\/v2\/comments?post=17829"}],"version-history":[{"count":1,"href":"https:\/\/www.arquidiocesismty.org\/arquimty\/wp-json\/wp\/v2\/posts\/17829\/revisions"}],"predecessor-version":[{"id":17831,"href":"https:\/\/www.arquidiocesismty.org\/arquimty\/wp-json\/wp\/v2\/posts\/17829\/revisions\/17831"}],"wp:featuredmedia":[{"embeddable":true,"href":"https:\/\/www.arquidiocesismty.org\/arquimty\/wp-json\/wp\/v2\/media\/17830"}],"wp:attachment":[{"href":"https:\/\/www.arquidiocesismty.org\/arquimty\/wp-json\/wp\/v2\/media?parent=17829"}],"wp:term":[{"taxonomy":"category","embeddable":true,"href":"https:\/\/www.arquidiocesismty.org\/arquimty\/wp-json\/wp\/v2\/categories?post=17829"},{"taxonomy":"post_tag","embeddable":true,"href":"https:\/\/www.arquidiocesismty.org\/arquimty\/wp-json\/wp\/v2\/tags?post=17829"}],"curies":[{"name":"wp","href":"https:\/\/api.w.org\/{rel}","templated":true}]}}