{"id":1750,"date":"2017-07-09T17:42:13","date_gmt":"2017-07-09T22:42:13","guid":{"rendered":"https:\/\/www.arquidiocesismty.org\/arquimty\/?p=1750"},"modified":"2017-11-01T18:13:45","modified_gmt":"2017-11-02T00:13:45","slug":"pide-arzobispo-despedir-y-recibir-a-sacerdotes-con-alegria","status":"publish","type":"post","link":"https:\/\/www.arquidiocesismty.org\/arquimty\/pide-arzobispo-despedir-y-recibir-a-sacerdotes-con-alegria\/","title":{"rendered":"PIDE ARZOBISPO DESPEDIR Y RECIBIR A SACERDOTES CON ALEGR\u00cdA"},"content":{"rendered":"<h2 class=\"p1\"><span class=\"s1\">Es bueno querer al sacerdote, pero es mucho mejor aceptar que tiene que irse<\/span><\/h2>\n<p class=\"p1\"><span class=\"s1\"><b>Monterrey, N. L.<\/b> (<a href=\"http:\/\/www.pastoralsiglo21.org\"><span class=\"s2\">www.pastoralsiglo21.org<\/span><\/a>) <b>9 de julio del 2017.- <\/b>Durante julio y agosto, alrededor de 14 p\u00e1rrocos y varios vicarios ser\u00e1n cambiados de parroquia, por lo que Mons. Rogelio Cabrera L\u00f3pez, Arzobispo de Monterrey, pidi\u00f3 a las comunidades que les faciliten el traslado a sus nuevos destinos y que reciban con buen \u00e1nimo a los presb\u00edteros que llegan a sus nuevos templos.<\/span><\/p>\n<p class=\"p1\"><span class=\"s1\">\u201cNo hay que olvidar el car\u00e1cter misionero de los sacerdotes; todo sacerdote debe estar siempre con las maletas preparadas para salir\u201d, dijo.<\/span><\/p>\n<p class=\"p1\"><span class=\"s1\">Invit\u00f3 a todas las comunidades a que vivan en el esp\u00edritu de las primeras comunidades cristianas, que siempre estuvieron dispuestas a recibir y a despedir con gratitud y alegr\u00eda a los ap\u00f3stoles y disc\u00edpulos que no pod\u00edan quedarse mucho tiempo en el mismo lugar.<\/span><\/p>\n<p class=\"p1\"><span class=\"s1\">No olvidemos, agreg\u00f3, que todo sacerdote desde su ordenaci\u00f3n acepta libremente ir a compartir la fe donde sea necesario. Ellos hacen una promesa de respeto y obediencia a su obispo para ir inmediatamente a donde \u00e9l se los solicite.<\/span><\/p>\n<p class=\"p1\"><span class=\"s1\">\u201cLos fieles nunca deben estorbar el deber misionero de un sacerdote\u201d, expres\u00f3.<\/span><\/p>\n<p class=\"p1\"><span class=\"s1\">Mons. Rogelio pidi\u00f3 a los fieles que no les impidan ejercer en obediencia su deber, porque a veces algunos por cari\u00f1o y con buena intenci\u00f3n acuden a \u00e9l para pedir que no se les cambie a su sacerdote. <\/span><\/p>\n<p class=\"p1\"><span class=\"s1\">\u201cMe da mucho gusto cuando un sacerdote es querido y estimado, pero mas alegr\u00eda me da cuando se acepta que tiene que ir a otro destino y se lo motiva a ser un verdadero misionero\u201d, comparti\u00f3.<\/span><\/p>\n<p class=\"p1\"><span class=\"s1\"><b>Por Roc\u00edo D\u00edaz<\/b><\/span><\/p>\n<p>&nbsp;<\/p>\n","protected":false},"excerpt":{"rendered":"<p>Monterrey, N. L. (www.pastoralsiglo21.org) 9 de julio del 2017.- Durante julio y agosto, alrededor de 14 p\u00e1rrocos y varios vicarios ser\u00e1n cambiados de parroquia, por lo que Mons. Rogelio Cabrera L\u00f3pez, Arzobispo de Monterrey, pidi\u00f3 a las comunidades que les faciliten el traslado a sus nuevos destinos y que reciban con buen \u00e1nimo a los presb\u00edteros que llegan a sus nuevos templos.<\/p>\n","protected":false},"author":3,"featured_media":1751,"comment_status":"closed","ping_status":"closed","sticky":false,"template":"","format":"standard","meta":[],"categories":[7,14],"tags":[23],"_links":{"self":[{"href":"https:\/\/www.arquidiocesismty.org\/arquimty\/wp-json\/wp\/v2\/posts\/1750"}],"collection":[{"href":"https:\/\/www.arquidiocesismty.org\/arquimty\/wp-json\/wp\/v2\/posts"}],"about":[{"href":"https:\/\/www.arquidiocesismty.org\/arquimty\/wp-json\/wp\/v2\/types\/post"}],"author":[{"embeddable":true,"href":"https:\/\/www.arquidiocesismty.org\/arquimty\/wp-json\/wp\/v2\/users\/3"}],"replies":[{"embeddable":true,"href":"https:\/\/www.arquidiocesismty.org\/arquimty\/wp-json\/wp\/v2\/comments?post=1750"}],"version-history":[{"count":2,"href":"https:\/\/www.arquidiocesismty.org\/arquimty\/wp-json\/wp\/v2\/posts\/1750\/revisions"}],"predecessor-version":[{"id":2959,"href":"https:\/\/www.arquidiocesismty.org\/arquimty\/wp-json\/wp\/v2\/posts\/1750\/revisions\/2959"}],"wp:featuredmedia":[{"embeddable":true,"href":"https:\/\/www.arquidiocesismty.org\/arquimty\/wp-json\/wp\/v2\/media\/1751"}],"wp:attachment":[{"href":"https:\/\/www.arquidiocesismty.org\/arquimty\/wp-json\/wp\/v2\/media?parent=1750"}],"wp:term":[{"taxonomy":"category","embeddable":true,"href":"https:\/\/www.arquidiocesismty.org\/arquimty\/wp-json\/wp\/v2\/categories?post=1750"},{"taxonomy":"post_tag","embeddable":true,"href":"https:\/\/www.arquidiocesismty.org\/arquimty\/wp-json\/wp\/v2\/tags?post=1750"}],"curies":[{"name":"wp","href":"https:\/\/api.w.org\/{rel}","templated":true}]}}