{"id":1747,"date":"2017-07-09T17:34:11","date_gmt":"2017-07-09T22:34:11","guid":{"rendered":"https:\/\/www.arquidiocesismty.org\/arquimty\/?p=1747"},"modified":"2017-11-01T18:14:21","modified_gmt":"2017-11-02T00:14:21","slug":"intolerantes-al-gluten-pueden-recibir-la-comunion-con-vino-eucaristico","status":"publish","type":"post","link":"https:\/\/www.arquidiocesismty.org\/arquimty\/intolerantes-al-gluten-pueden-recibir-la-comunion-con-vino-eucaristico\/","title":{"rendered":"INTOLERANTES AL GLUTEN PUEDEN RECIBIR LA COMUNI\u00d3N CON VINO EUCAR\u00cdSTICO"},"content":{"rendered":"<h2 class=\"p1\"><span class=\"s1\">Producen sacerdotes vino artesanal para consagrar<\/span><\/h2>\n<p class=\"p1\"><span class=\"s1\"><b>Monterrey, N. L.<\/b> (<a href=\"http:\/\/www.pastoralsiglo21.org\"><span class=\"s2\">www.pastoralsiglo21.org<\/span><\/a>) <b>9 de julio del 2017.- <\/b>Algunos sacerdotes en la di\u00f3cesis se han interesado en incursionar en la producci\u00f3n de un vino artesanal para consagrar, por lo que la Arquidi\u00f3cesis los va a apoyar, pero estar\u00e1 al pendiente con una supervisi\u00f3n para que se respeten las normas que se exigen para que sea convertido en la sangre de Cristo.<\/span><\/p>\n<p class=\"p1\"><span class=\"s1\">Mons. Rogelio Cabrera L\u00f3pez, Arzobispo de Monterrey, dijo que el vino que se utiliza en el Santo Sacrificio es uno que trae en el reverso la autorizaci\u00f3n que el obispo autoriza y que se hace constatar su pureza para consagrar.<\/span><\/p>\n<p class=\"p1\"><span class=\"s1\">\u201cHay alg\u00fan sacerdote que hace su propio vino y el obispo supervisa que ese vino que hace de manera artesanal est\u00e9 bien hecho\u201d, dijo.<\/span><\/p>\n<p class=\"p1\"><span class=\"s1\">El Papa Francisco emiti\u00f3 una instrucci\u00f3n esta semana para evitar abusos contra la Eucarist\u00eda, al enterarse que en algunas di\u00f3cesis se le a\u00f1ade al pan endulzantes o frutas.<\/span><\/p>\n<p class=\"p1\"><span class=\"s1\">El problema del pan eucar\u00edstico s\u00ed tiene una novedad que no conoc\u00edamos hasta hace poco, dijo Mons, Rogelio, que es el problema del gluten, que algunas personas son intolerantes a esa sustancia y que se resuelve de manera muy personal. <\/span><\/p>\n<p class=\"p1\"><span class=\"s1\">\u201cSi alg\u00fan cat\u00f3lico quiere comulgar y tiene problemas con el gluten, que recurra a nosotros para encontrarle una soluci\u00f3n y no se quede sin participar en la Eucarist\u00eda. En estos casos se les da la comuni\u00f3n con el vino eucar\u00edstico\u201d, expres\u00f3.<\/span><\/p>\n<p class=\"p1\"><span class=\"s1\">El decreto del Papa dice que no es posible eliminar por completo el gluten de las hostias, pues pierden su esencia de ser pan.<\/span><\/p>\n<p class=\"p1\"><span class=\"s1\"><b>Por Roc\u00edo D\u00edaz<\/b><\/span><\/p>\n<p>&nbsp;<\/p>\n","protected":false},"excerpt":{"rendered":"<p>Producen sacerdotes vino artesanal para consagrar.<br \/>\nMonterrey, N. L. (www.pastoralsiglo21.org) 9 de julio del 2017.- Algunos sacerdotes en la di\u00f3cesis se han interesado en incursionar en la producci\u00f3n de un vino artesanal para consagrar, por lo que la Arquidi\u00f3cesis los va a apoyar, pero estar\u00e1 al pendiente con una supervisi\u00f3n para que se respeten las normas que se exigen para que sea convertido en la sangre de Cristo.<\/p>\n","protected":false},"author":3,"featured_media":1748,"comment_status":"closed","ping_status":"closed","sticky":false,"template":"","format":"standard","meta":[],"categories":[7,14],"tags":[23],"_links":{"self":[{"href":"https:\/\/www.arquidiocesismty.org\/arquimty\/wp-json\/wp\/v2\/posts\/1747"}],"collection":[{"href":"https:\/\/www.arquidiocesismty.org\/arquimty\/wp-json\/wp\/v2\/posts"}],"about":[{"href":"https:\/\/www.arquidiocesismty.org\/arquimty\/wp-json\/wp\/v2\/types\/post"}],"author":[{"embeddable":true,"href":"https:\/\/www.arquidiocesismty.org\/arquimty\/wp-json\/wp\/v2\/users\/3"}],"replies":[{"embeddable":true,"href":"https:\/\/www.arquidiocesismty.org\/arquimty\/wp-json\/wp\/v2\/comments?post=1747"}],"version-history":[{"count":2,"href":"https:\/\/www.arquidiocesismty.org\/arquimty\/wp-json\/wp\/v2\/posts\/1747\/revisions"}],"predecessor-version":[{"id":2960,"href":"https:\/\/www.arquidiocesismty.org\/arquimty\/wp-json\/wp\/v2\/posts\/1747\/revisions\/2960"}],"wp:featuredmedia":[{"embeddable":true,"href":"https:\/\/www.arquidiocesismty.org\/arquimty\/wp-json\/wp\/v2\/media\/1748"}],"wp:attachment":[{"href":"https:\/\/www.arquidiocesismty.org\/arquimty\/wp-json\/wp\/v2\/media?parent=1747"}],"wp:term":[{"taxonomy":"category","embeddable":true,"href":"https:\/\/www.arquidiocesismty.org\/arquimty\/wp-json\/wp\/v2\/categories?post=1747"},{"taxonomy":"post_tag","embeddable":true,"href":"https:\/\/www.arquidiocesismty.org\/arquimty\/wp-json\/wp\/v2\/tags?post=1747"}],"curies":[{"name":"wp","href":"https:\/\/api.w.org\/{rel}","templated":true}]}}