{"id":1713,"date":"2017-07-06T13:24:32","date_gmt":"2017-07-06T18:24:32","guid":{"rendered":"https:\/\/www.arquidiocesismty.org\/arquimty\/?p=1713"},"modified":"2017-11-01T18:20:29","modified_gmt":"2017-11-02T00:20:29","slug":"invita-arzobispo-a-peregrinar-al-tepeyac-y-al-cristo-rey-del-cubilete","status":"publish","type":"post","link":"https:\/\/www.arquidiocesismty.org\/arquimty\/invita-arzobispo-a-peregrinar-al-tepeyac-y-al-cristo-rey-del-cubilete\/","title":{"rendered":"INVITA ARZOBISPO A PEREGRINAR AL TEPEYAC Y AL CRISTO REY DEL CUBILETE"},"content":{"rendered":"<p><strong>Monterrey, N.L. (www.pastoral siglo21.org) 6 de julio del 2017.- <\/strong>El Arzobispo de Monterrey convoc\u00f3 a la comunidad cat\u00f3lica de la Arquidi\u00f3cesis a participar en la Peregrinaci\u00f3n Anual al Tepeyac y al Santuario Cristo Rey del Cubilete.<\/p>\n<p>Mediante un comunicado el Arzobispo se\u00f1al\u00f3 :\u201dMe dirijo a Ustedes por este medio para saludarles e informarles que como cada a\u00f1o, realizaremos la peregrinaci\u00f3n de nuestra Arquidi\u00f3cesis de Monterrey a la Bas\u00edlica de Nuestra Se\u00f1ora de Guadalupe, en la Ciudad de M\u00e9xico, el pr\u00f3ximo d\u00eda 12 de Agosto del a\u00f1o en curso\u201d.<\/p>\n<p>\u201cY al igual que los dos a\u00f1os anteriores, por invitaci\u00f3n de la Di\u00f3cesis de Le\u00f3n, peregrinaremos un d\u00eda antes al Santuario de Cristo Rey del Cubilete. Y Dios mediante, ambas misas las presidir\u00e1 un servidor, con todos los sacerdotes y fieles que nos acompa\u00f1en\u201d, a\u00f1adi\u00f3.<\/p>\n<p>La sagrada Eucarist\u00eda en el Santuario de Cristo Rey, en el Cerro del Cubilete ser\u00e1 el viernes 11 de agosto, a las 11:00 a. m. y el d\u00eda siguiente, s\u00e1bado 12 de agosto, en la Ciudad de M\u00e9xico, la reuni\u00f3n de la peregrinaci\u00f3n ser\u00e1, como cada a\u00f1o, en la Glorieta de Peralvillo a las 7:00 a.m., para iniciar la peregrinaci\u00f3n a las 8:00 a.m. y llegar a la Bas\u00edlica de Guadalupe para la celebraci\u00f3n Eucar\u00edstica a las 10:00 a.m.<\/p>\n<p>Para mayor informaci\u00f3n de la peregrinaci\u00f3n acercarse a tu comunidad parroquial.<\/p>\n<p><strong>Por. Juan Pablo V\u00e1zquez Rodr\u00edguez<\/strong><\/p>\n<p>&nbsp;<\/p>\n","protected":false},"excerpt":{"rendered":"<p>Monterrey, N.L. (www.pastoral siglo21.org) 6 de julio del 2017.- El Arzobispo de Monterrey convoc\u00f3 a la comunidad cat\u00f3lica de la Arquidi\u00f3cesis a participar en la Peregrinaci\u00f3n Anual al Tepeyac y al Santuario Cristo Rey del Cubilete.<br \/>\nMediante un comunicado el Arzobispo se\u00f1al\u00f3 :\u201dMe dirijo a Ustedes por este medio para saludarles e informarles que como cada a\u00f1o, realizaremos la peregrinaci\u00f3n de nuestra Arquidi\u00f3cesis de Monterrey a la Bas\u00edlica de Nuestra Se\u00f1ora de Guadalupe, en la Ciudad de M\u00e9xico, el pr\u00f3ximo d\u00eda 12 de Agosto del a\u00f1o en curso\u201d.<\/p>\n","protected":false},"author":3,"featured_media":1714,"comment_status":"closed","ping_status":"closed","sticky":false,"template":"","format":"standard","meta":[],"categories":[7,14],"tags":[23],"_links":{"self":[{"href":"https:\/\/www.arquidiocesismty.org\/arquimty\/wp-json\/wp\/v2\/posts\/1713"}],"collection":[{"href":"https:\/\/www.arquidiocesismty.org\/arquimty\/wp-json\/wp\/v2\/posts"}],"about":[{"href":"https:\/\/www.arquidiocesismty.org\/arquimty\/wp-json\/wp\/v2\/types\/post"}],"author":[{"embeddable":true,"href":"https:\/\/www.arquidiocesismty.org\/arquimty\/wp-json\/wp\/v2\/users\/3"}],"replies":[{"embeddable":true,"href":"https:\/\/www.arquidiocesismty.org\/arquimty\/wp-json\/wp\/v2\/comments?post=1713"}],"version-history":[{"count":2,"href":"https:\/\/www.arquidiocesismty.org\/arquimty\/wp-json\/wp\/v2\/posts\/1713\/revisions"}],"predecessor-version":[{"id":2965,"href":"https:\/\/www.arquidiocesismty.org\/arquimty\/wp-json\/wp\/v2\/posts\/1713\/revisions\/2965"}],"wp:featuredmedia":[{"embeddable":true,"href":"https:\/\/www.arquidiocesismty.org\/arquimty\/wp-json\/wp\/v2\/media\/1714"}],"wp:attachment":[{"href":"https:\/\/www.arquidiocesismty.org\/arquimty\/wp-json\/wp\/v2\/media?parent=1713"}],"wp:term":[{"taxonomy":"category","embeddable":true,"href":"https:\/\/www.arquidiocesismty.org\/arquimty\/wp-json\/wp\/v2\/categories?post=1713"},{"taxonomy":"post_tag","embeddable":true,"href":"https:\/\/www.arquidiocesismty.org\/arquimty\/wp-json\/wp\/v2\/tags?post=1713"}],"curies":[{"name":"wp","href":"https:\/\/api.w.org\/{rel}","templated":true}]}}