{"id":1691,"date":"2017-07-04T17:10:11","date_gmt":"2017-07-04T22:10:11","guid":{"rendered":"https:\/\/www.arquidiocesismty.org\/arquimty\/?p=1691"},"modified":"2017-07-04T17:10:11","modified_gmt":"2017-07-04T22:10:11","slug":"celebra-arzobispo-misa-por-las-causas-dificiles","status":"publish","type":"post","link":"https:\/\/www.arquidiocesismty.org\/arquimty\/celebra-arzobispo-misa-por-las-causas-dificiles\/","title":{"rendered":"Celebra Arzobispo, Misa por las causas dif\u00edciles."},"content":{"rendered":"<p>Este fin de semana, fue celebrada la Santa Misa para pedir especialmente por las causas dif\u00edciles, presidida por el Arzobispo de Monterrey, Mons. Rogelio Cabrera L\u00f3pez, en la Parroquia de Ntra. Sra. de San Juan de de los Lagos en Monterrey,\u00a0en la Col. Mart\u00ednez.<\/p>\n<p>La celebraci\u00f3n inici\u00f3 en punto de las 2:00 a.m. durante la noche del s\u00e1bado primero, al domingo dos de julio. Sin duda alguna la invitada de honor fue la Virgen Peregrina de San Juan de los Lagos.<\/p>\n<p>Durante la homil\u00eda, el Arzobispo agradeci\u00f3 la presencia de los feligreses y los invit\u00f3 a orar juntos por sus necesidades para presentarlas ante Dios con mucha confianza.<\/p>\n<p>\u201cComo un hijo le habla a su papa, as\u00ed tambi\u00e9n nosotros le decimos a El nuestras necesidades y Dios sabr\u00e1 el momento oportuno, la \u00fanica certeza que llevamos en nuestro coraz\u00f3n es que nada queda sin recompensa, hacemos tambi\u00e9n esta oraci\u00f3n con esp\u00edritu fraterno.\u201d<\/p>\n<p>Adem\u00e1s nos invita a poner todo en manos de nuestra Madre, la Virgen Mar\u00eda, principal intercesora ante nuestro padre Dios, llenos de\u00a0fe y esperanza que nos regala el Esp\u00edritu Santo.<\/p>\n<p>\u201cHay que tomar la cruz y seguirlo, nosotros tenemos preocupaciones pero no podemos sentirnos derrotados, tenemos que seguir adelante, el caminar, el despertar mir\u00e1ndolo a El, seguramente traer\u00e1 el alivio que tiene siempre abrazar la cruz de Cristo.\u201d<\/p>\n<p>Dios nos regala de manera abundante e inigualable, sin esperar nada a cambio, pero la forma m\u00e1s adecuada de agradecerle todo lo que nos da, es acerc\u00e1ndonos a\u00fan m\u00e1s a El y haciendo su voluntad.<\/p>\n<p>\u201cDios nos quiere y El puede ayudarnos en las necesidades comunes y en la necesidad especial de cada uno, estamos seguros que esta vigilia no quedara sin recompensa. El Se\u00f1or nos asistir\u00e1 como siempre lo hace, pero hay que pedirlo con confianza, con seguridad, no dejen un solo espacio de inseguridad, pongan la confianza total en Dios, porque Dios ama al que le pide con insistencia, Dios regala su amor a quien lo solicita\u201d.<\/p>\n<p>\u201cConf\u00eden en Dios, amen a Dios, est\u00e9n de acuerdo con El, sean sumisos y obedientes a su voluntad, porque El nos asistir\u00e1\u201d.<\/p>\n<p>Antes de finalizar, Mons. Rogelio Cabrera anim\u00f3 a los feligreses, record\u00e1ndonos que tenemos una Madre amorosa y nunca nos abandona en nuestras dificultades.<\/p>\n<p>\u201cEstoy con ustedes y ustedes est\u00e1n conmigo y de esta manera nos ponemos en la voluntad de Dios. Que Dios los bendiga y animo que tenemos un padre amoroso y una madre cari\u00f1osa. Que el Se\u00f1or nos bendiga a todos.\u201d<\/p>\n<p>Finalmente el Arzobispo bendijo la Virgen peregrina de San Juan y posteriormente aprovecho para desearle a todos, que Dios les conceda aquello que m\u00e1s les aflige.<\/p>\n","protected":false},"excerpt":{"rendered":"<p>Este fin de semana, fue celebrada la Santa Misa para pedir especialmente por las causas dif\u00edciles, presidida por el Arzobispo de Monterrey, Mons. Rogelio Cabrera L\u00f3pez,<span class=\"excerpt-hellip\"> [\u2026]<\/span><\/p>\n","protected":false},"author":2,"featured_media":1689,"comment_status":"open","ping_status":"open","sticky":false,"template":"","format":"standard","meta":[],"categories":[14],"tags":[],"_links":{"self":[{"href":"https:\/\/www.arquidiocesismty.org\/arquimty\/wp-json\/wp\/v2\/posts\/1691"}],"collection":[{"href":"https:\/\/www.arquidiocesismty.org\/arquimty\/wp-json\/wp\/v2\/posts"}],"about":[{"href":"https:\/\/www.arquidiocesismty.org\/arquimty\/wp-json\/wp\/v2\/types\/post"}],"author":[{"embeddable":true,"href":"https:\/\/www.arquidiocesismty.org\/arquimty\/wp-json\/wp\/v2\/users\/2"}],"replies":[{"embeddable":true,"href":"https:\/\/www.arquidiocesismty.org\/arquimty\/wp-json\/wp\/v2\/comments?post=1691"}],"version-history":[{"count":1,"href":"https:\/\/www.arquidiocesismty.org\/arquimty\/wp-json\/wp\/v2\/posts\/1691\/revisions"}],"predecessor-version":[{"id":1692,"href":"https:\/\/www.arquidiocesismty.org\/arquimty\/wp-json\/wp\/v2\/posts\/1691\/revisions\/1692"}],"wp:featuredmedia":[{"embeddable":true,"href":"https:\/\/www.arquidiocesismty.org\/arquimty\/wp-json\/wp\/v2\/media\/1689"}],"wp:attachment":[{"href":"https:\/\/www.arquidiocesismty.org\/arquimty\/wp-json\/wp\/v2\/media?parent=1691"}],"wp:term":[{"taxonomy":"category","embeddable":true,"href":"https:\/\/www.arquidiocesismty.org\/arquimty\/wp-json\/wp\/v2\/categories?post=1691"},{"taxonomy":"post_tag","embeddable":true,"href":"https:\/\/www.arquidiocesismty.org\/arquimty\/wp-json\/wp\/v2\/tags?post=1691"}],"curies":[{"name":"wp","href":"https:\/\/api.w.org\/{rel}","templated":true}]}}