{"id":16701,"date":"2024-02-11T10:00:10","date_gmt":"2024-02-11T10:00:10","guid":{"rendered":"https:\/\/www.arquidiocesismty.org\/arquimty\/?p=16701"},"modified":"2024-02-11T23:42:06","modified_gmt":"2024-02-12T05:42:06","slug":"arzobispo-de-monterrey-no-seria-recomendable-recibir-la-ceniza-sin-hacer-el-compromiso-de-vivir-un-verdadero-regreso-a-la-casa-del-padre","status":"publish","type":"post","link":"https:\/\/www.arquidiocesismty.org\/arquimty\/arzobispo-de-monterrey-no-seria-recomendable-recibir-la-ceniza-sin-hacer-el-compromiso-de-vivir-un-verdadero-regreso-a-la-casa-del-padre\/","title":{"rendered":"ARZOBISPO DE MONTERREY: NO SER\u00cdA RECOMENDABLE RECIBIR LA CENIZA SIN HACER EL COMPROMISO DE VIVIR UN VERDADERO REGRESO A LA CASA DEL PADRE"},"content":{"rendered":"<p><em>\u201cEste a\u00f1o, el mi\u00e9rcoles de ceniza ser\u00e1 el 14 de febrero, donde se recuerda el d\u00eda del amor y la amistad, por lo que es tambi\u00e9n una buena oportunidad para que revivamos el compromiso fraterno con quienes caminan junto a nosotros\u201d<\/em>, es la invitaci\u00f3n que realiz\u00f3 el Monse\u00f1or Rogelio Cabrera este domingo en su mensaje en las redes sociales.<\/p>\n<p>Adem\u00e1s a\u00f1adi\u00f3 que es una oportunidad para que <em>\u201cnuestros amigos y las parejas de novios se fortalezcan en el respeto y conocimiento mutuo para que, en un futuro y con libertad de elecci\u00f3n, puedan unir sus vidas en el sacramento del matrimonio\u201d.<\/em><\/p>\n<p><em>\u201cSi bien este a\u00f1o la jornada de oraci\u00f3n y penitencia, se une a la festividad de san Valent\u00edn, les invito a que no olvidemos que ese d\u00eda nos obliga a todos los cristianos, mayores de edad, el realizar un ayuno y abstenernos de comer carne\u201d<\/em>, a\u00f1adi\u00f3.<\/p>\n<p>Finalmente, se\u00f1al\u00f3 que \u201c<em>No ser\u00eda recomendable recibir la ceniza sin hacer el compromiso de vivir un verdadero regreso a la Casa del Padre, si es que estamos de espaldas a Dios, o un verdadero acercamiento, si es que estamos de frente a Dios\u201d.<\/em><\/p>\n","protected":false},"excerpt":{"rendered":"<p>\u201cNo ser\u00eda recomendable recibir la ceniza sin hacer el compromiso de vivir un verdadero regreso a la Casa del Padre&#8221;.<\/p>\n","protected":false},"author":1,"featured_media":16707,"comment_status":"closed","ping_status":"closed","sticky":false,"template":"","format":"standard","meta":[],"categories":[7,14],"tags":[],"_links":{"self":[{"href":"https:\/\/www.arquidiocesismty.org\/arquimty\/wp-json\/wp\/v2\/posts\/16701"}],"collection":[{"href":"https:\/\/www.arquidiocesismty.org\/arquimty\/wp-json\/wp\/v2\/posts"}],"about":[{"href":"https:\/\/www.arquidiocesismty.org\/arquimty\/wp-json\/wp\/v2\/types\/post"}],"author":[{"embeddable":true,"href":"https:\/\/www.arquidiocesismty.org\/arquimty\/wp-json\/wp\/v2\/users\/1"}],"replies":[{"embeddable":true,"href":"https:\/\/www.arquidiocesismty.org\/arquimty\/wp-json\/wp\/v2\/comments?post=16701"}],"version-history":[{"count":1,"href":"https:\/\/www.arquidiocesismty.org\/arquimty\/wp-json\/wp\/v2\/posts\/16701\/revisions"}],"predecessor-version":[{"id":16702,"href":"https:\/\/www.arquidiocesismty.org\/arquimty\/wp-json\/wp\/v2\/posts\/16701\/revisions\/16702"}],"wp:featuredmedia":[{"embeddable":true,"href":"https:\/\/www.arquidiocesismty.org\/arquimty\/wp-json\/wp\/v2\/media\/16707"}],"wp:attachment":[{"href":"https:\/\/www.arquidiocesismty.org\/arquimty\/wp-json\/wp\/v2\/media?parent=16701"}],"wp:term":[{"taxonomy":"category","embeddable":true,"href":"https:\/\/www.arquidiocesismty.org\/arquimty\/wp-json\/wp\/v2\/categories?post=16701"},{"taxonomy":"post_tag","embeddable":true,"href":"https:\/\/www.arquidiocesismty.org\/arquimty\/wp-json\/wp\/v2\/tags?post=16701"}],"curies":[{"name":"wp","href":"https:\/\/api.w.org\/{rel}","templated":true}]}}