{"id":16517,"date":"2023-07-31T10:40:46","date_gmt":"2023-07-31T10:40:46","guid":{"rendered":"https:\/\/www.arquidiocesismty.org\/arquimty\/?p=16517"},"modified":"2023-07-31T16:38:55","modified_gmt":"2023-07-31T21:38:55","slug":"envia-monsenor-heriberto-bendiciones-y-saludos-desde-la-jornada-mundial-de-la-juventud","status":"publish","type":"post","link":"https:\/\/www.arquidiocesismty.org\/arquimty\/envia-monsenor-heriberto-bendiciones-y-saludos-desde-la-jornada-mundial-de-la-juventud\/","title":{"rendered":"ENV\u00cdA MONSE\u00d1OR HERIBERTO BENDICIONES Y SALUDOS DESDE LA JORNADA MUNDIAL DE LA JUVENTUD"},"content":{"rendered":"<p class=\"p1\"><span class=\"s1\">Mons. Juan Armando P\u00e9rez Talamantes y Mons. Heriberto Cavazos, contin\u00faan participando en la Jornada Mundial de la Juventud, la cual se lleva a cabo desde Lisboa Portugal, desde donde Mons. Heriberto env\u00edo bendiciones, oraciones y saludos. <\/span><\/p>\n<p class=\"p1\"><span class=\"s1\">\u201cHermanos mexicanos y todas las familias, queremos saludarlos con mucho cari\u00f1o, desde la Iglesia de nuestra Madre del Rosario de F\u00e1tima en Portugal Lisboa\u201d. <\/span><\/p>\n<p class=\"p1\"><span class=\"s1\">\u201cHemos concelebrado la Santa Misa Mons. Juan Armando Talamantes, Mons. Algirdas Jurevi\u010dius, Obispo Auxiliar de Lituania, el padre David, p\u00e1rroco de la comunidad y su servidor Heriberto Cavazos\u201d.<\/span><\/p>\n<p class=\"p1\"><span class=\"s1\">\u201cAqu\u00ed junto al altar de Cristo, junto a la imagen de Nuestra Madre de todos y de los santos Francisco y Jacinta, el Se\u00f1or los Bendiga\u201d.<\/span><\/p>\n<p class=\"p1\"><span class=\"s1\">Mas tarde Monse\u00f1or Heriberto comparti\u00f3 otro video, desde el Cristo Rey de Lisboa, desde donde envi\u00f3, la bendici\u00f3n y sus oraciones para todo M\u00e9xico, especialmente los j\u00f3venes.<\/span><\/p>\n<p class=\"p1\"><span class=\"s1\">\u201cDesde el Cristo Rey de Lisboa, enviamos Mons. Juan Armando P\u00e9rez Talamantes y un servidor Mons. Heriberto, un saludo y una bendici\u00f3n a todas las familias de M\u00e9xico y especialmente a los adolescentes y j\u00f3venes, previo al encuentro con el Santo Padre\u201d.<\/span><\/p>\n","protected":false},"excerpt":{"rendered":"<p>Mons. Juan Armando P\u00e9rez Talamantes y Mons. Heriberto Cavazos, contin\u00faan participando en la Jornada Mundial de la Juventud, la cual se lleva a cabo desde Lisboa<span class=\"excerpt-hellip\"> [\u2026]<\/span><\/p>\n","protected":false},"author":1,"featured_media":16519,"comment_status":"closed","ping_status":"closed","sticky":false,"template":"","format":"standard","meta":[],"categories":[7,14],"tags":[],"_links":{"self":[{"href":"https:\/\/www.arquidiocesismty.org\/arquimty\/wp-json\/wp\/v2\/posts\/16517"}],"collection":[{"href":"https:\/\/www.arquidiocesismty.org\/arquimty\/wp-json\/wp\/v2\/posts"}],"about":[{"href":"https:\/\/www.arquidiocesismty.org\/arquimty\/wp-json\/wp\/v2\/types\/post"}],"author":[{"embeddable":true,"href":"https:\/\/www.arquidiocesismty.org\/arquimty\/wp-json\/wp\/v2\/users\/1"}],"replies":[{"embeddable":true,"href":"https:\/\/www.arquidiocesismty.org\/arquimty\/wp-json\/wp\/v2\/comments?post=16517"}],"version-history":[{"count":1,"href":"https:\/\/www.arquidiocesismty.org\/arquimty\/wp-json\/wp\/v2\/posts\/16517\/revisions"}],"predecessor-version":[{"id":16518,"href":"https:\/\/www.arquidiocesismty.org\/arquimty\/wp-json\/wp\/v2\/posts\/16517\/revisions\/16518"}],"wp:featuredmedia":[{"embeddable":true,"href":"https:\/\/www.arquidiocesismty.org\/arquimty\/wp-json\/wp\/v2\/media\/16519"}],"wp:attachment":[{"href":"https:\/\/www.arquidiocesismty.org\/arquimty\/wp-json\/wp\/v2\/media?parent=16517"}],"wp:term":[{"taxonomy":"category","embeddable":true,"href":"https:\/\/www.arquidiocesismty.org\/arquimty\/wp-json\/wp\/v2\/categories?post=16517"},{"taxonomy":"post_tag","embeddable":true,"href":"https:\/\/www.arquidiocesismty.org\/arquimty\/wp-json\/wp\/v2\/tags?post=16517"}],"curies":[{"name":"wp","href":"https:\/\/api.w.org\/{rel}","templated":true}]}}