{"id":1646,"date":"2017-06-30T14:06:25","date_gmt":"2017-06-30T19:06:25","guid":{"rendered":"https:\/\/www.arquidiocesismty.org\/arquimty\/?p=1646"},"modified":"2017-06-30T15:49:04","modified_gmt":"2017-06-30T20:49:04","slug":"inaugura-arzobispo-de-monterrey-la-exposicion-temporal-en-el-principio-era-el-verbo","status":"publish","type":"post","link":"https:\/\/www.arquidiocesismty.org\/arquimty\/inaugura-arzobispo-de-monterrey-la-exposicion-temporal-en-el-principio-era-el-verbo\/","title":{"rendered":"INAUGURA ARZOBISPO DE MONTERREY LA EXPOSICI\u00d3N TEMPORAL \u201cEN EL PRINCIPIO ERA EL VERBO\u201d"},"content":{"rendered":"<p><strong>Monterrey, N.L. (www.pastoralsiglo21.org).- 30 de junio 2017.<\/strong> La exposici\u00f3n\u00a0 temporal \u201cEn el principio era el Verbo\u201d fue inaugurada en el Museo de Arte Sacro por el Arzobispo de Monterrey. Dicha exposici\u00f3n tiene la finalidad no solo de dar a conocer el patrimonio de la Iglesia, sino sobre todo ser un instrumento de evangelizaci\u00f3n, apoyando la labor pastoral de nuestra Iglesia diocesana, iluminados por San Juan y su Evangelio.<\/p>\n<p>\u201cLos Evangelios y de modo especial el cuarto Evangelio es un gran poema dedicado a Jes\u00fas, cada p\u00e1gina, cada frase, cada referencia a Jes\u00fas est\u00e1 impregnada en el poema, en la poes\u00eda a Jes\u00fas, \u00bfqui\u00e9n escribe un poema?, \u00bfquien escribe una poes\u00eda?, \u00a1el que ama!, el que ama escribe poemas\u201d, se\u00f1al\u00f3 Mons. Rogelio al referirse a la exposici\u00f3n.<\/p>\n<p>\u201cSan Juan que prefiere mantener su nombre oculto a lo largo de todo el Evangelio, dice \u00e9l es el disc\u00edpulo amado, amado por Jes\u00fas y que ama a Jes\u00fas y por eso todo su Evangelio es este c\u00e1ntico a Cristo que ama, a Cristo que est\u00e1 con nosotros\u201d, a\u00f1adi\u00f3.<\/p>\n<p>Por su parte el padre Ra\u00fal Mena Director Ejecutivo del Museo de Arte Sacro se\u00f1al\u00f3 que la finalidad de armar esta exposici\u00f3n es apoyar la labor de reflexi\u00f3n\u00a0 centrada en el pr\u00f3logo de San Juan.<\/p>\n<p><img decoding=\"async\" loading=\"lazy\" class=\"alignnone size-large wp-image-1651\" src=\"https:\/\/arquidiocesismty.org\/arquimty\/wp-content\/uploads\/2017\/06\/IMG_6320-1024x682.jpg\" alt=\"\" width=\"1024\" height=\"682\" srcset=\"https:\/\/www.arquidiocesismty.org\/arquimty\/wp-content\/uploads\/2017\/06\/IMG_6320-1024x682.jpg 1024w, https:\/\/www.arquidiocesismty.org\/arquimty\/wp-content\/uploads\/2017\/06\/IMG_6320-300x200.jpg 300w, https:\/\/www.arquidiocesismty.org\/arquimty\/wp-content\/uploads\/2017\/06\/IMG_6320-768x512.jpg 768w, https:\/\/www.arquidiocesismty.org\/arquimty\/wp-content\/uploads\/2017\/06\/IMG_6320-219x146.jpg 219w, https:\/\/www.arquidiocesismty.org\/arquimty\/wp-content\/uploads\/2017\/06\/IMG_6320-50x33.jpg 50w, https:\/\/www.arquidiocesismty.org\/arquimty\/wp-content\/uploads\/2017\/06\/IMG_6320-113x75.jpg 113w, https:\/\/www.arquidiocesismty.org\/arquimty\/wp-content\/uploads\/2017\/06\/IMG_6320.jpg 1795w\" sizes=\"(max-width: 1024px) 100vw, 1024px\" \/><\/p>\n<p>\u201cEmpezamos a buscar piezas en el Seminario de Monterrey, en Catedral, con algunos coleccionistas privados de la ciudad y de las piezas que han sido donadas al museo, pudimos armar una exposici\u00f3n que es muy interesante para todo el pueblo de Dios, para todos los que estamos cada domingo escuchar el pr\u00f3logo de San Juan\u201d.<\/p>\n<p>Invitamos a toda la comunidad a conocer esta valios\u00edsima exposici\u00f3n que sin duda nos inspirara a vivir la Palabra.<\/p>\n<p>El Museo Arquidiocesano de Arte Sacro se encuentra ubicado a un costado de la Bas\u00edlica del Roble en las avenidas 15 de Mayo y Vicente Guerrero en la Zona Centro de Monterrey. Con horario de 10:00 a 17:45 hrs.<\/p>\n<p><strong>Por. Juan Pablo V\u00e1zquez Rodr\u00edguez<\/strong><\/p>\n","protected":false},"excerpt":{"rendered":"<p>Monterrey, N.L. (www.pastoralsiglo21.org).- 30 de junio 2017. La exposici\u00f3n\u00a0 temporal \u201cEn el principio era el Verbo\u201d fue inaugurada en el Museo de Arte Sacro por el<span class=\"excerpt-hellip\"> [\u2026]<\/span><\/p>\n","protected":false},"author":3,"featured_media":1654,"comment_status":"open","ping_status":"open","sticky":false,"template":"","format":"standard","meta":[],"categories":[7,14],"tags":[23],"_links":{"self":[{"href":"https:\/\/www.arquidiocesismty.org\/arquimty\/wp-json\/wp\/v2\/posts\/1646"}],"collection":[{"href":"https:\/\/www.arquidiocesismty.org\/arquimty\/wp-json\/wp\/v2\/posts"}],"about":[{"href":"https:\/\/www.arquidiocesismty.org\/arquimty\/wp-json\/wp\/v2\/types\/post"}],"author":[{"embeddable":true,"href":"https:\/\/www.arquidiocesismty.org\/arquimty\/wp-json\/wp\/v2\/users\/3"}],"replies":[{"embeddable":true,"href":"https:\/\/www.arquidiocesismty.org\/arquimty\/wp-json\/wp\/v2\/comments?post=1646"}],"version-history":[{"count":5,"href":"https:\/\/www.arquidiocesismty.org\/arquimty\/wp-json\/wp\/v2\/posts\/1646\/revisions"}],"predecessor-version":[{"id":1653,"href":"https:\/\/www.arquidiocesismty.org\/arquimty\/wp-json\/wp\/v2\/posts\/1646\/revisions\/1653"}],"wp:featuredmedia":[{"embeddable":true,"href":"https:\/\/www.arquidiocesismty.org\/arquimty\/wp-json\/wp\/v2\/media\/1654"}],"wp:attachment":[{"href":"https:\/\/www.arquidiocesismty.org\/arquimty\/wp-json\/wp\/v2\/media?parent=1646"}],"wp:term":[{"taxonomy":"category","embeddable":true,"href":"https:\/\/www.arquidiocesismty.org\/arquimty\/wp-json\/wp\/v2\/categories?post=1646"},{"taxonomy":"post_tag","embeddable":true,"href":"https:\/\/www.arquidiocesismty.org\/arquimty\/wp-json\/wp\/v2\/tags?post=1646"}],"curies":[{"name":"wp","href":"https:\/\/api.w.org\/{rel}","templated":true}]}}