{"id":16340,"date":"2023-04-18T11:00:06","date_gmt":"2023-04-18T11:00:06","guid":{"rendered":"https:\/\/www.arquidiocesismty.org\/arquimty\/?p=16340"},"modified":"2023-04-18T15:24:21","modified_gmt":"2023-04-18T20:24:21","slug":"obispos-obisposdemexico","status":"publish","type":"post","link":"https:\/\/www.arquidiocesismty.org\/arquimty\/obispos-obisposdemexico\/","title":{"rendered":"OBISPOS DE M\u00c9XICO INICIAN SU 114 ASAMBLEA PLENARIA"},"content":{"rendered":"<p class=\"p1\">Del 17 al 21 de abril, la Conferencia del Episcopado Mexicano (CEM) llevar\u00e1 a cabo su 114 Asamblea Plenaria en su sede de \u2018Caso Lago\u2019, en el Estado de M\u00e9xico, donde los obispos reflexionar\u00e1n en torno a la construcci\u00f3n de caminos comunes para fortalecer la misi\u00f3n de la Iglesia y su incidencia en la realidad de M\u00e9xico.<\/p>\n<p class=\"p1\">Los obispos efect\u00faan su asamblea con base en su objetivo general del trienio 2021-2024, que es impulsar una Iglesia m\u00e1s sinodal y disc\u00edpula misionera, asumiendo los compromisos pastorales de su Proyecto Global Pastoral (PGP).<\/p>\n<p class=\"p1\">El objetivo -han dicho- es \u201cperegrinar juntos bajo la mirada amorosa de Santa Mar\u00eda de Guadalupe al encuentro de Jesucristo redentor, acompa\u00f1ando a nuestro pueblo en sus dolores y esperanzas, fraternidad, comuni\u00f3n y justicia\u201d.<\/p>\n<p class=\"p1\">En un comunicado, la CEM comparti\u00f3 que en su primer d\u00eda de Asamblea particip\u00f3 Marcelo Ebrard, Secretario de Relaciones Exteriores del gobierno de Andr\u00e9s Manuel L\u00f3pez Obrador, con quien abordaron, entre otros temas, &#8220;preocupaciones en materia migratoria, en especial sobre el lamentable suceso acontecido recientemente en la estaci\u00f3n migratoria en Cd. Ju\u00e1rez y otras situaciones presentadas en otros territorios fronterizos&#8221;.<\/p>\n<p class=\"p1\">De acuerdo con el programa de actividades de la asamblea, los objetivos espec\u00edficos de la misma son analizar el contexto social y pol\u00edtico del pa\u00eds; compartir los avances en los procesos de construcci\u00f3n de paz; construir caminos para profundizar la incidencia e impacto de la Iglesia mediante la realizaci\u00f3n de esos procesos; evaluar los logros alcanzados por el PGP en sus primeros cinco a\u00f1os de promulgaci\u00f3n y revisar la ruta del S\u00ednodo de la Sinodalidad.<\/p>\n<p class=\"p3\"><a href=\"https:\/\/www.facebook.com\/hashtag\/iglesiadem%C3%A9xico?__eep__=6&amp;__cft__%5B0%5D=AZVtdIz58I0ATwdRYuCbNoMH8pdCwYUh0V3pxsGpWL15b0dOkYwnopbcT8U8wWFlCqkjgUNRHVSqsrQV4NgmxG_fQ1no91dbCdgGGqmlyAE1yRbz8krmFuFeB-50tusClspDh5qt09s9umUo-Hu65t4oRBiDp1I7gK5gG8GYmH7LCWK7CP0LUrWJoH4REPSPdsQ&amp;__tn__=*NK-R\">#IglesiaDeM\u00e9xico<\/a><\/p>\n<p class=\"p3\"><a href=\"https:\/\/www.facebook.com\/hashtag\/cem?__eep__=6&amp;__cft__%5B0%5D=AZVtdIz58I0ATwdRYuCbNoMH8pdCwYUh0V3pxsGpWL15b0dOkYwnopbcT8U8wWFlCqkjgUNRHVSqsrQV4NgmxG_fQ1no91dbCdgGGqmlyAE1yRbz8krmFuFeB-50tusClspDh5qt09s9umUo-Hu65t4oRBiDp1I7gK5gG8GYmH7LCWK7CP0LUrWJoH4REPSPdsQ&amp;__tn__=*NK-R\">#CEM<\/a><\/p>\n<p class=\"p3\"><a href=\"https:\/\/www.facebook.com\/hashtag\/obispos?__eep__=6&amp;__cft__%5B0%5D=AZVtdIz58I0ATwdRYuCbNoMH8pdCwYUh0V3pxsGpWL15b0dOkYwnopbcT8U8wWFlCqkjgUNRHVSqsrQV4NgmxG_fQ1no91dbCdgGGqmlyAE1yRbz8krmFuFeB-50tusClspDh5qt09s9umUo-Hu65t4oRBiDp1I7gK5gG8GYmH7LCWK7CP0LUrWJoH4REPSPdsQ&amp;__tn__=*NK-R\">#Obispos<\/a><\/p>\n","protected":false},"excerpt":{"rendered":"<p>Los obispos efect\u00faan su asamblea con base en su objetivo general del trienio 2021-2024<\/p>\n","protected":false},"author":1,"featured_media":16342,"comment_status":"closed","ping_status":"closed","sticky":false,"template":"","format":"standard","meta":[],"categories":[14],"tags":[],"_links":{"self":[{"href":"https:\/\/www.arquidiocesismty.org\/arquimty\/wp-json\/wp\/v2\/posts\/16340"}],"collection":[{"href":"https:\/\/www.arquidiocesismty.org\/arquimty\/wp-json\/wp\/v2\/posts"}],"about":[{"href":"https:\/\/www.arquidiocesismty.org\/arquimty\/wp-json\/wp\/v2\/types\/post"}],"author":[{"embeddable":true,"href":"https:\/\/www.arquidiocesismty.org\/arquimty\/wp-json\/wp\/v2\/users\/1"}],"replies":[{"embeddable":true,"href":"https:\/\/www.arquidiocesismty.org\/arquimty\/wp-json\/wp\/v2\/comments?post=16340"}],"version-history":[{"count":1,"href":"https:\/\/www.arquidiocesismty.org\/arquimty\/wp-json\/wp\/v2\/posts\/16340\/revisions"}],"predecessor-version":[{"id":16341,"href":"https:\/\/www.arquidiocesismty.org\/arquimty\/wp-json\/wp\/v2\/posts\/16340\/revisions\/16341"}],"wp:featuredmedia":[{"embeddable":true,"href":"https:\/\/www.arquidiocesismty.org\/arquimty\/wp-json\/wp\/v2\/media\/16342"}],"wp:attachment":[{"href":"https:\/\/www.arquidiocesismty.org\/arquimty\/wp-json\/wp\/v2\/media?parent=16340"}],"wp:term":[{"taxonomy":"category","embeddable":true,"href":"https:\/\/www.arquidiocesismty.org\/arquimty\/wp-json\/wp\/v2\/categories?post=16340"},{"taxonomy":"post_tag","embeddable":true,"href":"https:\/\/www.arquidiocesismty.org\/arquimty\/wp-json\/wp\/v2\/tags?post=16340"}],"curies":[{"name":"wp","href":"https:\/\/api.w.org\/{rel}","templated":true}]}}