{"id":16263,"date":"2023-02-10T11:22:04","date_gmt":"2023-02-10T17:22:04","guid":{"rendered":"https:\/\/www.arquidiocesismty.org\/arquimty\/?p=16263"},"modified":"2023-02-10T11:26:26","modified_gmt":"2023-02-10T17:26:26","slug":"xxvi-jornada-liturgica-2023","status":"publish","type":"post","link":"https:\/\/www.arquidiocesismty.org\/arquimty\/xxvi-jornada-liturgica-2023\/","title":{"rendered":"XXVI Jornada Lit\u00fargica 2023"},"content":{"rendered":"<h4>Sacrosanctum Concilium<\/h4>\n<p>Lugar: Parroquia Nuestra Se\u00f1ora de San Juan de los Lagos<br \/>\n(San Nicol\u00e1s de los Garza).<br \/>\nFecha: Lunes, 20 Marzo 2023<br \/>\nHora: de 9:00 am a 13:00 pm<br \/>\nAportaci\u00f3n: $ 100.00 pesos<br \/>\nZONA PASTORAL VIII (ESCOBEDO).<\/p>\n<h3>Decanato 21 &#8211; San Nicol\u00e1s de Bar\u00ed<\/h3>\n<p>Parroquia San Nicol\u00e1s de Bari<br \/>\nParroquia Nuestra Se\u00f1ora de Guadalupe<br \/>\nParroquia San Isidro Labrador<br \/>\nParroquia Santa Teresita del Ni\u00f1o Jes\u00fas<br \/>\nParroquia San Judas Tadeo (Escobedo)<br \/>\nParroquia San Judas Tadeo (Apodaca)<br \/>\nParroquia San Juan Pablo II<br \/>\nParroquia San Lucas Evangelista<\/p>\n<h3>Decanato 22 &#8211; Nuestra Se\u00f1ora de la Soledad<\/h3>\n<p>Parroquia Nuestra Se\u00f1ora de la Soledad<br \/>\nParroquia Cristo Rey<br \/>\nParroquia San Francisco de As\u00eds<br \/>\nParroquia Sant\u00edsimo Nombre de Jes\u00fas<br \/>\nParroquia Nuestra Se\u00f1ora de Guadalupe, Salud de los Enfermos<br \/>\nParroquia Nuestra Se\u00f1ora del Monte Carmelo<br \/>\nParroquia San Juan Diego<br \/>\nZONA PASTORAL IX (SAN NICOL\u00c1S DE LOS GARZA).<\/p>\n<h3>Decanato 23 &#8211; Sagrada Familia<\/h3>\n<p>Parroquia Sagrada Familia<br \/>\nParroquia San Jos\u00e9 Obrero<br \/>\nParroquia Santa Cruz<br \/>\nParroquia Esp\u00edritu Santo<br \/>\nParroquia Coronaci\u00f3n del Roble<br \/>\nParroquia San Nicol\u00e1s Tolentino<br \/>\nParroquia Nuestra Se\u00f1ora del Rosario<br \/>\nTemplo Sant\u00edsimo Sacramento<\/p>\n<h3>Decanato 24 &#8211; San Juan Bautista Nogalar<\/h3>\n<p>Parroquia San Juan Bautista<br \/>\nParroquia La Resurrecci\u00f3n del Se\u00f1or<br \/>\nParroquia Santa Mar\u00eda de Guadalupe<br \/>\nParroquia San Agust\u00edn<br \/>\nParroquia Nuestra Se\u00f1ora del Carmen<br \/>\nParroquia San Benito Abad<br \/>\nTemplo Nuestra Se\u00f1ora de la Candelaria<\/p>\n<h3>Decanato 25 &#8211; Precios\u00edsima Sangre de Cristo<\/h3>\n<p>Parroquia Precios\u00edsima Sangre de Cristo<br \/>\nParroquia San Jorge M\u00e1rtir<br \/>\nParroquia San Gabriel Arc\u00e1ngel<br \/>\nParroquia Se\u00f1or de los Trabajos<br \/>\nParroquia Nuestra Se\u00f1ora de San Juan de los Lagos<br \/>\nParroquia El Se\u00f1or de los Afligidos<br \/>\nVicar\u00eda Fija Sagrado Coraz\u00f3n de Jes\u00fas<br \/>\nTemplo Se\u00f1or de la Misericordia<\/p>\n<h3>IMPORTANTE:<\/h3>\n<p>CADA COORDINADOR DE MINISTROS REALIZAR\u00c1 LA INSCRIPCI\u00d3N EN LAS OFICINAS DE SAPAL LLEVANDO: CARTA DE AUTORIZACI\u00d3N FIRMADA POR EL P\u00c1RROCO, CREDENCIALES PARA RESELLO Y LA APORTACI\u00d3N DE CADA MINISTRO.<\/p>\n<h3>INFORMES:<\/h3>\n<p>Tel\u00e9fono Oficina: <a href=\"tel:8183750128\">8183750128<\/a> WhatsApp: <a href=\"tel:8119806945\">8119806945<\/a><br \/>\nCorreo: <a href=\"mailto:jose.garcia@iglesiademonterrey.com\">jose.garcia@iglesiademonterrey.com<\/a><br \/>\n<a href=\"https:\/\/www.pastoralliturgicamty.org\/\">https:\/\/www.pastoralliturgicamty.org\/<\/a><br \/>\nHidalgo # 748, Centro. Monterrey, Nuevo Le\u00f3n. CP 64000 entre Seraf\u00edn Pe\u00f1a y Porfirio D\u00edaz<\/p>\n","protected":false},"excerpt":{"rendered":"<p>Sacrosanctum Concilium Lugar: Parroquia Nuestra Se\u00f1ora de San Juan de los Lagos (San Nicol\u00e1s de los Garza). Fecha: Lunes, 20 Marzo 2023 Hora: de 9:00 am<span class=\"excerpt-hellip\"> [\u2026]<\/span><\/p>\n","protected":false},"author":1,"featured_media":16262,"comment_status":"closed","ping_status":"closed","sticky":false,"template":"","format":"standard","meta":[],"categories":[14],"tags":[],"_links":{"self":[{"href":"https:\/\/www.arquidiocesismty.org\/arquimty\/wp-json\/wp\/v2\/posts\/16263"}],"collection":[{"href":"https:\/\/www.arquidiocesismty.org\/arquimty\/wp-json\/wp\/v2\/posts"}],"about":[{"href":"https:\/\/www.arquidiocesismty.org\/arquimty\/wp-json\/wp\/v2\/types\/post"}],"author":[{"embeddable":true,"href":"https:\/\/www.arquidiocesismty.org\/arquimty\/wp-json\/wp\/v2\/users\/1"}],"replies":[{"embeddable":true,"href":"https:\/\/www.arquidiocesismty.org\/arquimty\/wp-json\/wp\/v2\/comments?post=16263"}],"version-history":[{"count":2,"href":"https:\/\/www.arquidiocesismty.org\/arquimty\/wp-json\/wp\/v2\/posts\/16263\/revisions"}],"predecessor-version":[{"id":16265,"href":"https:\/\/www.arquidiocesismty.org\/arquimty\/wp-json\/wp\/v2\/posts\/16263\/revisions\/16265"}],"wp:featuredmedia":[{"embeddable":true,"href":"https:\/\/www.arquidiocesismty.org\/arquimty\/wp-json\/wp\/v2\/media\/16262"}],"wp:attachment":[{"href":"https:\/\/www.arquidiocesismty.org\/arquimty\/wp-json\/wp\/v2\/media?parent=16263"}],"wp:term":[{"taxonomy":"category","embeddable":true,"href":"https:\/\/www.arquidiocesismty.org\/arquimty\/wp-json\/wp\/v2\/categories?post=16263"},{"taxonomy":"post_tag","embeddable":true,"href":"https:\/\/www.arquidiocesismty.org\/arquimty\/wp-json\/wp\/v2\/tags?post=16263"}],"curies":[{"name":"wp","href":"https:\/\/api.w.org\/{rel}","templated":true}]}}