{"id":16248,"date":"2023-02-02T08:00:48","date_gmt":"2023-02-02T08:00:48","guid":{"rendered":"https:\/\/www.arquidiocesismty.org\/arquimty\/?p=16248"},"modified":"2023-02-03T15:25:08","modified_gmt":"2023-02-03T21:25:08","slug":"31-aniversario-pastoral-siglo-xxi","status":"publish","type":"post","link":"https:\/\/www.arquidiocesismty.org\/arquimty\/31-aniversario-pastoral-siglo-xxi\/","title":{"rendered":"31 ANIVERSARIO PASTORAL SIGLO XXI"},"content":{"rendered":"<p class=\"p1\">Agradecidos con Dios y la comunidad porque desde hace 31 a\u00f1os somos el <b>peri\u00f3dico cat\u00f3lico oficial<\/b> de la <b>Arquidi\u00f3cesis de Monterrey<\/b>.<\/p>\n<p class=\"p1\">En comuni\u00f3n con la Iglesia de Monterrey y con el resto de los medios de comunicaci\u00f3n cat\u00f3licos, enfocamos nuestros esfuerzos a ser <b>la voz de la Iglesia en Monterrey<\/b>; un medio fiel y eficaz de comunicaci\u00f3n, que comparta a todos los bautizados en la fe, el pensar, sentir, vivir y meditar de la <b>comunidad cat\u00f3lica regiomontana<\/b>, contribuyendo con ello a que el mensaje del Evangelio y su conocimiento, meditaci\u00f3n, compromiso y vivencia se difunda a\u00fan m\u00e1s entre todos.<\/p>\n<p class=\"p1\"><strong>Estamos para servirte:<\/strong><\/p>\n<p class=\"p1\">-Cada mes editamos y publicamos la Edici\u00f3n Impresa<span class=\"Apple-converted-space\">\u00a0 <\/span>y digital de nuestro peri\u00f3dico diocesano.<\/p>\n<p class=\"p1\">-Informamos por notas, reportajes y videos sobre los acontecimientos m\u00e1s<span class=\"Apple-converted-space\">\u00a0 <\/span>importantes de nuestra Arquidi\u00f3cesis.<\/p>\n<p class=\"p1\">-Acercamos a la comunidad, los comunicados oficiales de nuestra Arquidi\u00f3cesis y de nuestro Pastor.<\/p>\n<p class=\"p1\">-Informamos de eventos que se llevar\u00e1n a cabo en nuestra Arquidi\u00f3cesis.<\/p>\n<p class=\"p1\">-Felicitamos los aniversarios significativos para la comunidad.<\/p>\n<p class=\"p1\">-Publicamos art\u00edculos de reflexi\u00f3n, an\u00e1lisis e inter\u00e9s para la comunidad.<\/p>\n<p class=\"p1\">-Buscamos ser una voz prof\u00e9tica que anuncia y denuncia.<\/p>\n<p class=\"p3\"><span class=\"s1\">Encu\u00e9ntranos en: <a href=\"http:\/\/www.pastoralsiglo21.org\">www.pastoralsiglo21.org<\/a><\/span><\/p>\n<p class=\"p1\">S\u00edguenos:<\/p>\n<p class=\"p1\"><a href=\"https:\/\/www.facebook.com\/PastoralSiglo21\">Facebook: <strong>Pastoral Siglo XXI<\/strong><\/a><\/p>\n<p class=\"p1\">Twitter: <strong>PastoralSiglo21<\/strong><\/p>\n<p class=\"p1\">Instagram: <strong>PastoralSiglo21<\/strong><\/p>\n<p class=\"p1\">Escr\u00edbenos a<\/p>\n<p class=\"p3\"><a href=\"mailto:pastoralsiglo21@iglesiademonterrey.com\">pastoralsiglo21@iglesiademonterrey.com<\/a><\/p>\n<p class=\"p3\"><a href=\"mailto:juanpablo@iglesiademonterrey.com\">juanpablo@iglesiademonterrey.com<\/a><\/p>\n<p><strong>Por Juan Pablo V\u00e1zquez Rodr\u00edguez<\/strong><\/p>\n<p>Director Editorial<\/p>\n","protected":false},"excerpt":{"rendered":"<p>Agradecidos con Dios y la comunidad porque desde hace 31 a\u00f1os somos el peri\u00f3dico cat\u00f3lico oficial de la Arquidi\u00f3cesis de Monterrey. En comuni\u00f3n con la Iglesia<span class=\"excerpt-hellip\"> [\u2026]<\/span><\/p>\n","protected":false},"author":1,"featured_media":16250,"comment_status":"open","ping_status":"closed","sticky":false,"template":"","format":"standard","meta":[],"categories":[14],"tags":[],"_links":{"self":[{"href":"https:\/\/www.arquidiocesismty.org\/arquimty\/wp-json\/wp\/v2\/posts\/16248"}],"collection":[{"href":"https:\/\/www.arquidiocesismty.org\/arquimty\/wp-json\/wp\/v2\/posts"}],"about":[{"href":"https:\/\/www.arquidiocesismty.org\/arquimty\/wp-json\/wp\/v2\/types\/post"}],"author":[{"embeddable":true,"href":"https:\/\/www.arquidiocesismty.org\/arquimty\/wp-json\/wp\/v2\/users\/1"}],"replies":[{"embeddable":true,"href":"https:\/\/www.arquidiocesismty.org\/arquimty\/wp-json\/wp\/v2\/comments?post=16248"}],"version-history":[{"count":1,"href":"https:\/\/www.arquidiocesismty.org\/arquimty\/wp-json\/wp\/v2\/posts\/16248\/revisions"}],"predecessor-version":[{"id":16249,"href":"https:\/\/www.arquidiocesismty.org\/arquimty\/wp-json\/wp\/v2\/posts\/16248\/revisions\/16249"}],"wp:featuredmedia":[{"embeddable":true,"href":"https:\/\/www.arquidiocesismty.org\/arquimty\/wp-json\/wp\/v2\/media\/16250"}],"wp:attachment":[{"href":"https:\/\/www.arquidiocesismty.org\/arquimty\/wp-json\/wp\/v2\/media?parent=16248"}],"wp:term":[{"taxonomy":"category","embeddable":true,"href":"https:\/\/www.arquidiocesismty.org\/arquimty\/wp-json\/wp\/v2\/categories?post=16248"},{"taxonomy":"post_tag","embeddable":true,"href":"https:\/\/www.arquidiocesismty.org\/arquimty\/wp-json\/wp\/v2\/tags?post=16248"}],"curies":[{"name":"wp","href":"https:\/\/api.w.org\/{rel}","templated":true}]}}