{"id":16245,"date":"2023-02-03T10:55:19","date_gmt":"2023-02-03T10:55:19","guid":{"rendered":"https:\/\/www.arquidiocesismty.org\/arquimty\/?p=16245"},"modified":"2023-02-09T18:07:11","modified_gmt":"2023-02-10T00:07:11","slug":"borrador-escuela-de-teologia-papa-francisco-llevara-a-cabo-jornada-teologica-sobre-la-migracion","status":"publish","type":"post","link":"https:\/\/www.arquidiocesismty.org\/arquimty\/borrador-escuela-de-teologia-papa-francisco-llevara-a-cabo-jornada-teologica-sobre-la-migracion\/","title":{"rendered":"ESCUELA DE TEOLOG\u00cdA PAPA FRANCISCO LLEVAR\u00c1 A CABO JORNADA TEOL\u00d3GICA SOBRE LA MIGRACI\u00d3N"},"content":{"rendered":"<p class=\"p1\">La misi\u00f3n de acercar la teolog\u00eda de la Iglesia a los retos y realidades de la sociedad actual regiomontana, es uno de los ideales de la Escuela de Teolog\u00eda Papa Francisco.<\/p>\n<p class=\"p1\">Cada vez se hace m\u00e1s presente miles de personas que llegan a nuestra ciudad y su \u00e1rea metropolitana, buscando una mejor calidad de vida.<\/p>\n<p class=\"p1\">Por tal motivo se convoca a la comunidad a participar de una jornada teol\u00f3gica sobre migraci\u00f3n, con un panel de expertos en este reto para nuestra sociedad.<\/p>\n<p class=\"p1\">Informaci\u00f3n de la jornada:<\/p>\n<p class=\"p1\">S\u00e1bado 25 de febrero<\/p>\n<p class=\"p1\">Auditorio del Instituto Exc\u00e9lsior<\/p>\n<p class=\"p1\">Aportaci\u00f3n: $150.00 pesos MXN<\/p>\n<p class=\"p3\"><span class=\"s1\">Enlace de registro: <a href=\"https:\/\/forms.gle\/jdYqLFzadqjEYbJu5?fbclid=IwAR1-wWjD-MJRAwEoJCM-LzlgDvPztLF5oeDP5hy6vRDzK_-rROxIii3NR74\">https:\/\/forms.gle\/jdYqLFzadqjEYbJu5<\/a><\/span><\/p>\n<p class=\"p3\"><span class=\"s1\"> <a href=\"https:\/\/www.facebook.com\/hashtag\/papafrancisco?__eep__=6&amp;__cft__%5B0%5D=AZViQ29qjUI837S3qngTMhBZScTZwmUkBQwAAXDX_00aRyl7-lhbINFdihhqG2yUwmcLklEgrN9YLuTAi53uZjfOeu7pGyUprB1wuOxpMW3cTUT1vpkl6JttzvJ1J8SdMP_ddlVN4ReQWCx0cVr_paAFbAzHBvK09ANFpLZ0Mw2CNJB67pj5TYO7d_cJWQkp_Ss&amp;__tn__=*NK-R\">#papafrancisco<\/a> <a href=\"https:\/\/www.facebook.com\/hashtag\/iglesiacat%C3%B3lica?__eep__=6&amp;__cft__%5B0%5D=AZViQ29qjUI837S3qngTMhBZScTZwmUkBQwAAXDX_00aRyl7-lhbINFdihhqG2yUwmcLklEgrN9YLuTAi53uZjfOeu7pGyUprB1wuOxpMW3cTUT1vpkl6JttzvJ1J8SdMP_ddlVN4ReQWCx0cVr_paAFbAzHBvK09ANFpLZ0Mw2CNJB67pj5TYO7d_cJWQkp_Ss&amp;__tn__=*NK-R\">#IglesiaCat\u00f3lica<\/a> <a href=\"https:\/\/www.facebook.com\/hashtag\/teolog%C3%ADa?__eep__=6&amp;__cft__%5B0%5D=AZViQ29qjUI837S3qngTMhBZScTZwmUkBQwAAXDX_00aRyl7-lhbINFdihhqG2yUwmcLklEgrN9YLuTAi53uZjfOeu7pGyUprB1wuOxpMW3cTUT1vpkl6JttzvJ1J8SdMP_ddlVN4ReQWCx0cVr_paAFbAzHBvK09ANFpLZ0Mw2CNJB67pj5TYO7d_cJWQkp_Ss&amp;__tn__=*NK-R\">#teolog\u00eda<\/a> <a href=\"https:\/\/www.facebook.com\/hashtag\/migraci%C3%B3n?__eep__=6&amp;__cft__%5B0%5D=AZViQ29qjUI837S3qngTMhBZScTZwmUkBQwAAXDX_00aRyl7-lhbINFdihhqG2yUwmcLklEgrN9YLuTAi53uZjfOeu7pGyUprB1wuOxpMW3cTUT1vpkl6JttzvJ1J8SdMP_ddlVN4ReQWCx0cVr_paAFbAzHBvK09ANFpLZ0Mw2CNJB67pj5TYO7d_cJWQkp_Ss&amp;__tn__=*NK-R\">#Migraci\u00f3n<\/a><\/span><\/p>\n<p>Por Devany Valdes<\/p>\n","protected":false},"excerpt":{"rendered":"<p>La misi\u00f3n de acercar la teolog\u00eda de la Iglesia a los retos y realidades de la sociedad actual regiomontana, es uno de los ideales de la<span class=\"excerpt-hellip\"> [\u2026]<\/span><\/p>\n","protected":false},"author":1,"featured_media":16247,"comment_status":"closed","ping_status":"closed","sticky":false,"template":"","format":"standard","meta":[],"categories":[14],"tags":[],"_links":{"self":[{"href":"https:\/\/www.arquidiocesismty.org\/arquimty\/wp-json\/wp\/v2\/posts\/16245"}],"collection":[{"href":"https:\/\/www.arquidiocesismty.org\/arquimty\/wp-json\/wp\/v2\/posts"}],"about":[{"href":"https:\/\/www.arquidiocesismty.org\/arquimty\/wp-json\/wp\/v2\/types\/post"}],"author":[{"embeddable":true,"href":"https:\/\/www.arquidiocesismty.org\/arquimty\/wp-json\/wp\/v2\/users\/1"}],"replies":[{"embeddable":true,"href":"https:\/\/www.arquidiocesismty.org\/arquimty\/wp-json\/wp\/v2\/comments?post=16245"}],"version-history":[{"count":2,"href":"https:\/\/www.arquidiocesismty.org\/arquimty\/wp-json\/wp\/v2\/posts\/16245\/revisions"}],"predecessor-version":[{"id":16261,"href":"https:\/\/www.arquidiocesismty.org\/arquimty\/wp-json\/wp\/v2\/posts\/16245\/revisions\/16261"}],"wp:featuredmedia":[{"embeddable":true,"href":"https:\/\/www.arquidiocesismty.org\/arquimty\/wp-json\/wp\/v2\/media\/16247"}],"wp:attachment":[{"href":"https:\/\/www.arquidiocesismty.org\/arquimty\/wp-json\/wp\/v2\/media?parent=16245"}],"wp:term":[{"taxonomy":"category","embeddable":true,"href":"https:\/\/www.arquidiocesismty.org\/arquimty\/wp-json\/wp\/v2\/categories?post=16245"},{"taxonomy":"post_tag","embeddable":true,"href":"https:\/\/www.arquidiocesismty.org\/arquimty\/wp-json\/wp\/v2\/tags?post=16245"}],"curies":[{"name":"wp","href":"https:\/\/api.w.org\/{rel}","templated":true}]}}