{"id":16242,"date":"2023-01-29T17:00:34","date_gmt":"2023-01-29T17:00:34","guid":{"rendered":"https:\/\/www.arquidiocesismty.org\/arquimty\/?p=16242"},"modified":"2023-02-03T14:39:58","modified_gmt":"2023-02-03T20:39:58","slug":"borrador-jovenes-de-todo-mexico-peregrinan-al-cristo-rey-del-cubilete","status":"publish","type":"post","link":"https:\/\/www.arquidiocesismty.org\/arquimty\/borrador-jovenes-de-todo-mexico-peregrinan-al-cristo-rey-del-cubilete\/","title":{"rendered":"Borrador J\u00d3VENES DE TODO M\u00c9XICO PEREGRINAN AL CRISTO REY DEL CUBILETE"},"content":{"rendered":"<p class=\"p1\">Este pasado s\u00e1bado 28 de enero, se realiz\u00f3 la edici\u00f3n n\u00famero 40 de la peregrinaci\u00f3n de j\u00f3venes al Cerro del Cubilete, en Silao <a href=\"https:\/\/www.facebook.com\/hashtag\/guanajuato?__eep__=6&amp;__cft__%5B0%5D=AZXAXWpQTmuhCl2SW5bd18Ki4FkbGWnd55xquz2qjgTSnxSgpQR_NTUymZdhuUT-9CF2lRJXUDNKqZUjA_0vL_S2m1BWO82A7S6HYbm_AG920zvJum-SH-8fpG7oF0k8Z6qNdRyzjCqw1EoWViuWSdIbNsk51rGCbtydtlINRGAOvfwzF6ExBS0HCgv-GXS4DQA&amp;__tn__=*NK-R\"><span class=\"s1\">#Guanajuato<\/span><\/a>.<\/p>\n<p class=\"p1\">La santa Misa fue encabezada por Monse\u00f1or Rogelio Cabrera, Presidente de la Conferencia del Episcopado Mexicano y Arzobispo de Monterrey.<\/p>\n<p class=\"p1\">Hasta la Monta\u00f1a de Cristo Rey se dieron cita m\u00e1s de 30 mil j\u00f3venes de toda la Rep\u00fablica Mexicana, con el objetivo de pedir por la paz en el pa\u00eds, entre ellos un grupo importante de j\u00f3venes de la Arquidi\u00f3cesis de Monterrey.<\/p>\n<p class=\"p1\">Esta ma\u00f1ana el Arzobispo de Monterrey, Mons. Rogelio Cabrera L\u00f3pez, se refiri\u00f3 a este importante encuentro, en su mensaje dominical por medio de sus redes sociales.<\/p>\n<p class=\"p1\">\u201cLes comparto que el d\u00eda de ayer, 28 de enero, acompa\u00f1\u00e9 la 40 peregrinaci\u00f3n nacional juvenil al Cerro del Cubilete, en Guanajuato, a muchos j\u00f3venes. Es un lugar donde cada a\u00f1o se re\u00fanen para rendir su homenaje y consagrarse a Cristo Rey\u201d.<\/p>\n<p class=\"p1\">\u201cEste a\u00f1o hemos orado por la paz en nuestro M\u00e9xico, sabiendo que todos somos responsables de ella y buscando promoverla a trav\u00e9s de las actitudes de amor y de respeto entre nosotros\u201d.<\/p>\n<p class=\"p1\">\u201cAh\u00ed hemos orado por todos los j\u00f3venes mexicanos para que vivan su vida bajo la gu\u00eda del Esp\u00edritu Santo comprometi\u00e9ndose a ser ciudadanos de bien que colaboren en el progreso de nuestro pa\u00eds y poniendo sus dones y carismas al servicio de los m\u00e1s necesitados\u201d, a\u00f1adi\u00f3.<\/p>\n<p class=\"p1\">Oremos por nuestra juventud, para que sigan creciendo en la fe y la caridad.<\/p>\n<p><strong>Por Juan Pablo V\u00e1zquez Rodr\u00edguez<\/strong><\/p>\n","protected":false},"excerpt":{"rendered":"<p>Este pasado s\u00e1bado 28 de enero, se realiz\u00f3 la edici\u00f3n n\u00famero 40 de la peregrinaci\u00f3n de j\u00f3venes al Cerro del Cubilete, en Silao #Guanajuato. La santa<span class=\"excerpt-hellip\"> [\u2026]<\/span><\/p>\n","protected":false},"author":1,"featured_media":16244,"comment_status":"closed","ping_status":"closed","sticky":false,"template":"","format":"standard","meta":[],"categories":[14],"tags":[],"_links":{"self":[{"href":"https:\/\/www.arquidiocesismty.org\/arquimty\/wp-json\/wp\/v2\/posts\/16242"}],"collection":[{"href":"https:\/\/www.arquidiocesismty.org\/arquimty\/wp-json\/wp\/v2\/posts"}],"about":[{"href":"https:\/\/www.arquidiocesismty.org\/arquimty\/wp-json\/wp\/v2\/types\/post"}],"author":[{"embeddable":true,"href":"https:\/\/www.arquidiocesismty.org\/arquimty\/wp-json\/wp\/v2\/users\/1"}],"replies":[{"embeddable":true,"href":"https:\/\/www.arquidiocesismty.org\/arquimty\/wp-json\/wp\/v2\/comments?post=16242"}],"version-history":[{"count":1,"href":"https:\/\/www.arquidiocesismty.org\/arquimty\/wp-json\/wp\/v2\/posts\/16242\/revisions"}],"predecessor-version":[{"id":16243,"href":"https:\/\/www.arquidiocesismty.org\/arquimty\/wp-json\/wp\/v2\/posts\/16242\/revisions\/16243"}],"wp:featuredmedia":[{"embeddable":true,"href":"https:\/\/www.arquidiocesismty.org\/arquimty\/wp-json\/wp\/v2\/media\/16244"}],"wp:attachment":[{"href":"https:\/\/www.arquidiocesismty.org\/arquimty\/wp-json\/wp\/v2\/media?parent=16242"}],"wp:term":[{"taxonomy":"category","embeddable":true,"href":"https:\/\/www.arquidiocesismty.org\/arquimty\/wp-json\/wp\/v2\/categories?post=16242"},{"taxonomy":"post_tag","embeddable":true,"href":"https:\/\/www.arquidiocesismty.org\/arquimty\/wp-json\/wp\/v2\/tags?post=16242"}],"curies":[{"name":"wp","href":"https:\/\/api.w.org\/{rel}","templated":true}]}}