{"id":16224,"date":"2023-01-24T23:00:44","date_gmt":"2023-01-24T23:00:44","guid":{"rendered":"https:\/\/www.arquidiocesismty.org\/arquimty\/?p=16224"},"modified":"2023-01-25T10:39:30","modified_gmt":"2023-01-25T16:39:30","slug":"se-lleva-a-cabo-misa-de-cuerpo-presente-del-padre-pedro-oscar","status":"publish","type":"post","link":"https:\/\/www.arquidiocesismty.org\/arquimty\/se-lleva-a-cabo-misa-de-cuerpo-presente-del-padre-pedro-oscar\/","title":{"rendered":"SE LLEVA A CABO MISA DE CUERPO PRESENTE DEL PADRE PEDRO \u00d3SCAR"},"content":{"rendered":"<p class=\"p1\">La noche de este martes 24 de enero, en la parroquia de San Pedro Ap\u00f3stol, se llev\u00f3 a cabo la celebraci\u00f3n de la Santa Misa de cuerpo presente del padre Pedro \u00d3scar \u00c1vila Romo, quien fue llamado a la Casa del Padre, el pasado lunes 23 de enero.<\/p>\n<p class=\"p1\">La celebraci\u00f3n fue presidida por Mons. Jos\u00e9 Manuel Garza Madero, Obispo Auxiliar de Monterrey, quien antes de dirigir su reflexi\u00f3n , manifest\u00f3 su p\u00e9same y cercan\u00eda a nombre del Arzobispo de Monterrey y de los Obispos auxiliares de la Arquidi\u00f3cesis.<\/p>\n<p class=\"p1\">Posteriormente, en su homil\u00eda, comparti\u00f3 un mensaje invitando a la esperanza en el Se\u00f1or Resucitado y el sacerdocio de Cristo.<\/p>\n<p class=\"p1\">\u201cQuiero dirigirme de manera especial a Rosita, mam\u00e1 de nuestro muy querido padre Pedro \u00d3scar, a sus hijos e hijas, dirigirme a su familia, dirigirme a sus amigos, y a m\u00ed mismo que quiero compartir con ustedes la Palabra del Se\u00f1or\u201d.<\/p>\n<p class=\"p1\">\u201cJes\u00fas ha venido a inaugurar un nuevo sacerdocio, un sacerdocio que nos libera del pecado, de la muerte, que nos hace libres, de la obscuridad, del pecado y de todo lo que se opone a Dios\u201d.<\/p>\n<p class=\"p1\">\u201cHoy participamos de un sacerdocio, no de muerte, sino de vida, el sacerdocio del que particip\u00f3 nuestro muy querido hermano Pedro \u00d3scar, el sacerdocio del cual nosotros participamos como presb\u00edteros, del cual participamos conos obispos, del cual participamos todos como di\u00e1conos, como bautizados, somos un pueblo sacerdotal\u201d.<\/p>\n<p class=\"p1\">\u201cDec\u00eda Don Luis Mar\u00eda Mart\u00ednez, Obispo primado de M\u00e9xico hace much\u00edsimas d\u00e9cadas, que para que se diera un sacerdote se necesitaba solo la conjunci\u00f3n de dos personas, el Esp\u00edritu Santo y Mar\u00eda Sant\u00edsima, y por eso yo creo que en este momento est\u00e1n presentes estas dos personas, en la presencia tambi\u00e9n misteriosa pero viva de nuestro hermano Pedro, que nos ve, que nos contempla desde esta ventanilla que es la esperanza desde la cual, puede ver a su amada familia, a su querida madre, a sus hermanos y a sus hermanos en el sacerdocio, compartiendo con \u00e9l la liturgia imperecedera\u201d.<\/p>\n<p class=\"p1\">\u201cLlenemos nuestros corazones de esperanza, nuestra esperanza comienza en la Resurrecci\u00f3n del Se\u00f1or, son los ap\u00f3stoles, los nuevos sacerdotes, los testigos, los quedar\u00e1n testimonio de aquella esperanza porque se han encontrado con el Resucitado, fue la esperanza, el tomo y el signo de la predicaci\u00f3n fundamental en toda la vida de nuestro hermano Pedro \u00d3scar\u201d, a\u00f1adi\u00f3 Mons.Garza Madero.<\/p>\n<p class=\"p1\">En la Santa Misa, adem\u00e1s de hermanos sacerdotes, familiares y amigos, estuvo presente el Obispo de Ciudad Victoria, Mons. \u00d3scar Tamez Villarreal, quien presidi\u00f3 el rito exequial.<\/p>\n<p class=\"p1\">Antes de concluir la Eucarist\u00eda, el padre Pedro Pablo Gonz\u00e1lez Sias, amigo cercano al padre Pedro \u00d3scar, dirigi\u00f3 a nombre de la familia unas palabras de agradecimiento.<\/p>\n<p class=\"p1\">\u201cA nombre de Do\u00f1a Rosy, de toda la familia<span class=\"Apple-converted-space\">\u00a0 <\/span>de la cual el padre Rodolfo Ni\u00f1o y un servidor nos sentimos parte como hermanos de Pedro \u00d3scar, y que do\u00f1a Rosy nos ha acogido como verdaderos hijos, quiero darles las gracias, sus manifestaciones de amor para Pedro \u00d3scar traen paz, traen serenidad, trae tranquilidad de saber que \u00e9l cumpli\u00f3 bien su vocaci\u00f3n y que Dios lo va a recibir con alegr\u00eda para seguir intercediendo por nosotros\u201d.<\/p>\n<p class=\"p1\">\u201cTambi\u00e9n, les agradezco a nombre de la familia sacerdotal de Monterrey, muchas gracias por su amor, por su cari\u00f1o, por orar por Pedro \u00d3scar y por todos nosotros, a nuestro Arzobispo, a Mons. Garza Madero, a Mons. \u00d3scar Tamez, les agradezco much\u00edsimo, todo lo que el padre C\u00e9sar hizo para el cuidado de nuestro hermano, lo que el padre Bernardo hizo tambi\u00e9n para el cuidado de nuestro hermano, se lo agradecemos tambi\u00e9n bastante, Dios ser\u00e1 su recompensa por este amor y este cari\u00f1o\u201d, a\u00f1adi\u00f3 el padre Pedro Pablo.<\/p>\n<p class=\"p1\">Se celebrar\u00e1n varias eucarist\u00edas con las cenizas presentes del padre Pedro \u00d3scar en varias parroquias de nuestra Arquidi\u00f3cesis:<\/p>\n<p class=\"p1\">-El jueves 26 de enero en la parroquia San Juan de los Lagos en la colonia Mart\u00ednez.<\/p>\n<p class=\"p1\">-El viernes 27 de enero en la parroquia de Mar\u00eda Madre a las 7 de la tarde.<\/p>\n<p class=\"p1\">-El s\u00e1bado 28 enero, en la parroquia de San Alonso Mar\u00eda de Ligorio, a las 6 de la tarde.<\/p>\n<p class=\"p1\">-El domingo a las 12 del medio d\u00eda en Nuestra Se\u00f1ora del Pueblito en Hidalgo, Nuevo Le\u00f3n.<\/p>\n<p class=\"p1\">Y finalmente. El lunes 30 de enero, a las 7:30 pm, en la parroquia de Nuestra Se\u00f1ora del Rosario, en la colonia Roma, donde descasar\u00e1n los restos de Pedro \u00d3scar, junto a los de su se\u00f1or padre, esperando la Resurrecci\u00f3n del Se\u00f1or\u201d.<\/p>\n<p><strong>Por Juan Pablo V\u00e1zquez Rodr\u00edguez<\/strong><\/p>\n","protected":false},"excerpt":{"rendered":"<p>La noche de este martes 24 de enero, en la parroquia de San Pedro Ap\u00f3stol, se llev\u00f3 a cabo la celebraci\u00f3n de la Santa Misa de<span class=\"excerpt-hellip\"> [\u2026]<\/span><\/p>\n","protected":false},"author":1,"featured_media":16226,"comment_status":"closed","ping_status":"closed","sticky":false,"template":"","format":"standard","meta":[],"categories":[14],"tags":[],"_links":{"self":[{"href":"https:\/\/www.arquidiocesismty.org\/arquimty\/wp-json\/wp\/v2\/posts\/16224"}],"collection":[{"href":"https:\/\/www.arquidiocesismty.org\/arquimty\/wp-json\/wp\/v2\/posts"}],"about":[{"href":"https:\/\/www.arquidiocesismty.org\/arquimty\/wp-json\/wp\/v2\/types\/post"}],"author":[{"embeddable":true,"href":"https:\/\/www.arquidiocesismty.org\/arquimty\/wp-json\/wp\/v2\/users\/1"}],"replies":[{"embeddable":true,"href":"https:\/\/www.arquidiocesismty.org\/arquimty\/wp-json\/wp\/v2\/comments?post=16224"}],"version-history":[{"count":1,"href":"https:\/\/www.arquidiocesismty.org\/arquimty\/wp-json\/wp\/v2\/posts\/16224\/revisions"}],"predecessor-version":[{"id":16225,"href":"https:\/\/www.arquidiocesismty.org\/arquimty\/wp-json\/wp\/v2\/posts\/16224\/revisions\/16225"}],"wp:featuredmedia":[{"embeddable":true,"href":"https:\/\/www.arquidiocesismty.org\/arquimty\/wp-json\/wp\/v2\/media\/16226"}],"wp:attachment":[{"href":"https:\/\/www.arquidiocesismty.org\/arquimty\/wp-json\/wp\/v2\/media?parent=16224"}],"wp:term":[{"taxonomy":"category","embeddable":true,"href":"https:\/\/www.arquidiocesismty.org\/arquimty\/wp-json\/wp\/v2\/categories?post=16224"},{"taxonomy":"post_tag","embeddable":true,"href":"https:\/\/www.arquidiocesismty.org\/arquimty\/wp-json\/wp\/v2\/tags?post=16224"}],"curies":[{"name":"wp","href":"https:\/\/api.w.org\/{rel}","templated":true}]}}