{"id":16170,"date":"2022-12-28T20:40:07","date_gmt":"2022-12-28T20:40:07","guid":{"rendered":"https:\/\/www.arquidiocesismty.org\/arquimty\/?p=16170"},"modified":"2022-12-31T16:23:18","modified_gmt":"2022-12-31T22:23:18","slug":"asesinan-a-seminarista-y-a-nino-en-zacatecas","status":"publish","type":"post","link":"https:\/\/www.arquidiocesismty.org\/arquimty\/asesinan-a-seminarista-y-a-nino-en-zacatecas\/","title":{"rendered":"ASESINAN A SEMINARISTA Y A NI\u00d1O EN ZACATECAS"},"content":{"rendered":"<p><em>Por: Juan Pablo V\u00e1zquez Rodr\u00edguez<\/em><br \/>\n<em>Monterrey, N.L. (12 de diciembre 2022).- 28 de diciembre 2022<\/em><\/p>\n<p>La di\u00f3cesis de Zacatecas dio a conocer mediante un comunicado el lamentable asesinato de uno de sus seminaristas, Jos\u00e9 Dorian Pi\u00f1a Hern\u00e1ndez quien cursaba tercero de teolog\u00eda.<\/p>\n<p>El comunicado se\u00f1ala:<\/p>\n<p>\u201cCon profunda pena, pero con la confianza puesta siempre en el Se\u00f1or, les comunicamos que durante la noche del pasado 27 de diciembre en una peque\u00f1a comunidad de la Parroquia de Noria de \u00c1ngeles, una familia fue v\u00edctima de hechos violentos, lamentablemente murieron dos miembros de esta familia, uno de los cuales era Seminarista de nuestro Seminario Diocesano\u201d.<\/p>\n<p>\u201cEl joven Seminarista cursaba el tercer a\u00f1o de la etapa de Teolog\u00eda\u201d.<\/p>\n<p>\u201cElevamos nuestra oraci\u00f3n para pedir por el eterno descanso de estos hermanos<br \/>\nnuestros, pedimos al Buen Dios por sus familiares y por nuestro Seminario<br \/>\nDiocesano, Formadores y Seminaristas.<br \/>\nQue en medio de este clima de tinieblas que padecemos sepamos ser luz de<br \/>\nesperanza para los hermanos que sufren\u201d.<\/p>\n<p>Medios de comunicaci\u00f3n informaron adem\u00e1s que un ni\u00f1o tambi\u00e9n muri\u00f3, mientras que dos mujeres resultaron heridas en el ataque armado contra la familia ocurrido la noche del jueves 27 en la comunidad Ignacio Zaragoza, municipio de Noria de \u00c1ngeles, ubicado a 90 kil\u00f3metros al sureste de la capital zacatecana.<\/p>\n<p>Nos unimos a la pena que embarga a la di\u00f3cesis de Zacatecas.<\/p>\n","protected":false},"excerpt":{"rendered":"<p>Por: Juan Pablo V\u00e1zquez Rodr\u00edguez Monterrey, N.L. (12 de diciembre 2022).- 28 de diciembre 2022 La di\u00f3cesis de Zacatecas dio a conocer mediante un comunicado el<span class=\"excerpt-hellip\"> [\u2026]<\/span><\/p>\n","protected":false},"author":1,"featured_media":16172,"comment_status":"closed","ping_status":"closed","sticky":false,"template":"","format":"standard","meta":[],"categories":[110,14],"tags":[],"_links":{"self":[{"href":"https:\/\/www.arquidiocesismty.org\/arquimty\/wp-json\/wp\/v2\/posts\/16170"}],"collection":[{"href":"https:\/\/www.arquidiocesismty.org\/arquimty\/wp-json\/wp\/v2\/posts"}],"about":[{"href":"https:\/\/www.arquidiocesismty.org\/arquimty\/wp-json\/wp\/v2\/types\/post"}],"author":[{"embeddable":true,"href":"https:\/\/www.arquidiocesismty.org\/arquimty\/wp-json\/wp\/v2\/users\/1"}],"replies":[{"embeddable":true,"href":"https:\/\/www.arquidiocesismty.org\/arquimty\/wp-json\/wp\/v2\/comments?post=16170"}],"version-history":[{"count":1,"href":"https:\/\/www.arquidiocesismty.org\/arquimty\/wp-json\/wp\/v2\/posts\/16170\/revisions"}],"predecessor-version":[{"id":16171,"href":"https:\/\/www.arquidiocesismty.org\/arquimty\/wp-json\/wp\/v2\/posts\/16170\/revisions\/16171"}],"wp:featuredmedia":[{"embeddable":true,"href":"https:\/\/www.arquidiocesismty.org\/arquimty\/wp-json\/wp\/v2\/media\/16172"}],"wp:attachment":[{"href":"https:\/\/www.arquidiocesismty.org\/arquimty\/wp-json\/wp\/v2\/media?parent=16170"}],"wp:term":[{"taxonomy":"category","embeddable":true,"href":"https:\/\/www.arquidiocesismty.org\/arquimty\/wp-json\/wp\/v2\/categories?post=16170"},{"taxonomy":"post_tag","embeddable":true,"href":"https:\/\/www.arquidiocesismty.org\/arquimty\/wp-json\/wp\/v2\/tags?post=16170"}],"curies":[{"name":"wp","href":"https:\/\/api.w.org\/{rel}","templated":true}]}}