{"id":16167,"date":"2022-12-28T11:40:34","date_gmt":"2022-12-28T11:40:34","guid":{"rendered":"https:\/\/www.arquidiocesismty.org\/arquimty\/?p=16167"},"modified":"2022-12-31T16:16:23","modified_gmt":"2022-12-31T22:16:23","slug":"el-papa-pidio-que-oremos-por-benedicto-xvi-que-esta-muy-enfermo","status":"publish","type":"post","link":"https:\/\/www.arquidiocesismty.org\/arquimty\/el-papa-pidio-que-oremos-por-benedicto-xvi-que-esta-muy-enfermo\/","title":{"rendered":"EL PAPA PIDI\u00d3 QUE OREMOS POR BENEDICTO XVI QUE EST\u00c1 MUY ENFERMO"},"content":{"rendered":"<p><em>Por: Juan Pablo V\u00e1zquez Rodr\u00edguez<\/em><br \/>\n<em>Monterrey, N.L. (12 de diciembre 2022).- 28 de diciembre 2022<\/em><\/p>\n<p>Al final de la audiencia general de este mi\u00e9rcoles, 28 de diciembre, el Santo Padre pidi\u00f3 \u201ca todos una oraci\u00f3n especial\u201d, por el Papa em\u00e9rito Benedicto XVI. &#8220;Para que el Se\u00f1or lo consuele, y lo sostenga en este testimonio de amor a la Iglesia, hasta el final&#8221;.<\/p>\n<p>\u201cQuisiera pedirles a todos una oraci\u00f3n especial, por el Papa em\u00e9rito Benedicto, que en silencio est\u00e1 sosteniendo a la Iglesia. Recordarlo \u2013 est\u00e1 muy enfermo \u2013 pidiendo al Se\u00f1or que lo consuele, y lo sostenga en este testimonio de amor a la Iglesia, hasta el final\u201d, esta fue la petici\u00f3n del Papa Francisco al final de la audiencia general de este mi\u00e9rcoles, 28 de diciembre, al dirigirse en sus saludos a los peregrinos de lengua italiana, congregados en el Aula Pablo VI del Vaticano. Palabras, las del Papa Francisco, que dejan entrever el delicado estado de salud de su predecesor.<\/p>\n","protected":false},"excerpt":{"rendered":"<p>Por: Juan Pablo V\u00e1zquez Rodr\u00edguez Monterrey, N.L. (12 de diciembre 2022).- 28 de diciembre 2022 Al final de la audiencia general de este mi\u00e9rcoles, 28 de<span class=\"excerpt-hellip\"> [\u2026]<\/span><\/p>\n","protected":false},"author":1,"featured_media":16169,"comment_status":"closed","ping_status":"closed","sticky":false,"template":"","format":"standard","meta":[],"categories":[112,14],"tags":[],"_links":{"self":[{"href":"https:\/\/www.arquidiocesismty.org\/arquimty\/wp-json\/wp\/v2\/posts\/16167"}],"collection":[{"href":"https:\/\/www.arquidiocesismty.org\/arquimty\/wp-json\/wp\/v2\/posts"}],"about":[{"href":"https:\/\/www.arquidiocesismty.org\/arquimty\/wp-json\/wp\/v2\/types\/post"}],"author":[{"embeddable":true,"href":"https:\/\/www.arquidiocesismty.org\/arquimty\/wp-json\/wp\/v2\/users\/1"}],"replies":[{"embeddable":true,"href":"https:\/\/www.arquidiocesismty.org\/arquimty\/wp-json\/wp\/v2\/comments?post=16167"}],"version-history":[{"count":1,"href":"https:\/\/www.arquidiocesismty.org\/arquimty\/wp-json\/wp\/v2\/posts\/16167\/revisions"}],"predecessor-version":[{"id":16168,"href":"https:\/\/www.arquidiocesismty.org\/arquimty\/wp-json\/wp\/v2\/posts\/16167\/revisions\/16168"}],"wp:featuredmedia":[{"embeddable":true,"href":"https:\/\/www.arquidiocesismty.org\/arquimty\/wp-json\/wp\/v2\/media\/16169"}],"wp:attachment":[{"href":"https:\/\/www.arquidiocesismty.org\/arquimty\/wp-json\/wp\/v2\/media?parent=16167"}],"wp:term":[{"taxonomy":"category","embeddable":true,"href":"https:\/\/www.arquidiocesismty.org\/arquimty\/wp-json\/wp\/v2\/categories?post=16167"},{"taxonomy":"post_tag","embeddable":true,"href":"https:\/\/www.arquidiocesismty.org\/arquimty\/wp-json\/wp\/v2\/tags?post=16167"}],"curies":[{"name":"wp","href":"https:\/\/api.w.org\/{rel}","templated":true}]}}