{"id":16122,"date":"2022-12-06T14:00:51","date_gmt":"2022-12-06T14:00:51","guid":{"rendered":"https:\/\/www.arquidiocesismty.org\/arquimty\/?p=16122"},"modified":"2022-12-07T15:45:21","modified_gmt":"2022-12-07T21:45:21","slug":"iglesia-de-mexico-anuncia-celebracion-de-la-novena-intercontinental-guadalupana","status":"publish","type":"post","link":"https:\/\/www.arquidiocesismty.org\/arquimty\/iglesia-de-mexico-anuncia-celebracion-de-la-novena-intercontinental-guadalupana\/","title":{"rendered":"IGLESIA DE M\u00c9XICO ANUNCIA CELEBRACI\u00d3N DE LA NOVENA INTERCONTINENTAL GUADALUPANA"},"content":{"rendered":"<div class=\"x11i5rnm xat24cr x1mh8g0r x1vvkbs xtlvy1s x126k92a\"><\/div>\n<div class=\"x11i5rnm xat24cr x1mh8g0r x1vvkbs xtlvy1s x126k92a\"><\/div>\n<div class=\"x11i5rnm xat24cr x1mh8g0r x1vvkbs xtlvy1s x126k92a\">\n<div dir=\"auto\">\n<p class=\"p1\"><strong>Ciudad de M\u00e9xico (www.pastoralsiglo21.org).- 7 diciembre 2022.<\/strong> Este mi\u00e9rcoles se llev\u00f3 a cabo un a rueda de prensa en la Ciudad de M\u00e9xico para, el inicio de la Novena Intercontinental Guadalupana, la cual es un camino de preparaci\u00f3n y una celebraci\u00f3n de nueve a\u00f1os que comenzar\u00e1 en diciembre de 2022 y terminar\u00e1 en diciembre de 2031, cuando se cumplan los 500 a\u00f1os del Acontecimiento Guadalupano, del encuentro de Nuestra Santa Madre con el indio San Juan Diego, en el cerrito del Tepeyac.<\/p>\n<p class=\"p1\">El Arzobispo de Monterrey y Presidente de la Conferencia del Episcopado Mexicano, Mons. Rogelio Cabrera L\u00f3pez, invit\u00f3 a sumarse a este importante acontecimiento.<\/p>\n<p class=\"p1\">&#8220;Quiero hacer una invitaci\u00f3n al pueblo de M\u00e9xico, a los pueblos de Am\u00e9rica y del mundo entero, a unirse con nosotros al Novenario de a\u00f1os que iniciaremos Dios mediante este pr\u00f3ximo 12 de diciembre. Queremos ser fieles a la cultura de la piedad popular de nuestros pueblos. Que toda fiesta va preparada por una novena&#8221;.<\/p>\n<p class=\"p1\">&#8220;Un novenario de a\u00f1os que queremos que est\u00e9 siempre acompa\u00f1ado de la alegr\u00eda del encuentro, la alegr\u00eda del encuentro con el Se\u00f1or, la alegr\u00eda del encuentro con nuestra Madre de Guadalupe y la alegr\u00eda del encuentro entre nosotros&#8221;.<\/p>\n<p class=\"p1\">Monse\u00f1or Rogelio Cabrera asegur\u00f3 que la Novena formar\u00e1 parte del PGP, iniciativa<\/p>\n<p class=\"p1\">de la CEM para conmemorar los 500 a\u00f1os del Acontecimiento Guadalupano y en preparaci\u00f3n por el jubileo de los 2,000 a\u00f1os de la Redenci\u00f3n, por lo que los cat\u00f3licos del mundo estamos convocados a redescubrir el significado profundo de la presencia de Jesucristo a trav\u00e9s de\u00a0Mar\u00eda del Tepeyac.<\/p>\n<p class=\"p1\">Se\u00f1al\u00f3 que, en un momento de conflictividad social en M\u00e9xico y el mundo, mientras\u00a0el mundo a\u00fan sufre el duelo por la dolorosa p\u00e9rdida de millones de personas a causa del Covid-19, en medio de actos de violencia sin precedentes, de guerras cruentas, de inequidad social, del grito de los pobres que nos exige atenci\u00f3n, la Iglesia hace un llamado a ponernos\u00a0en manos de Santa Mar\u00eda de Guadalupe para seguir su ejemplo de amor y entrega.<\/p>\n<p class=\"p1\">Las primeras acciones de cara al inicio de la Novena Intercontinental Guadalupana\u00a0se podr\u00e1n conocer en la p\u00e1gina:\u00a0www.novenadeguadalupe.com<\/p>\n<\/div>\n<\/div>\n","protected":false},"excerpt":{"rendered":"<p>Ciudad de M\u00e9xico (www.pastoralsiglo21.org).- 7 diciembre 2022. Este mi\u00e9rcoles se llev\u00f3 a cabo un a rueda de prensa en la Ciudad de M\u00e9xico para, el inicio<span class=\"excerpt-hellip\"> [\u2026]<\/span><\/p>\n","protected":false},"author":1,"featured_media":16124,"comment_status":"closed","ping_status":"closed","sticky":false,"template":"","format":"standard","meta":[],"categories":[110,14],"tags":[],"_links":{"self":[{"href":"https:\/\/www.arquidiocesismty.org\/arquimty\/wp-json\/wp\/v2\/posts\/16122"}],"collection":[{"href":"https:\/\/www.arquidiocesismty.org\/arquimty\/wp-json\/wp\/v2\/posts"}],"about":[{"href":"https:\/\/www.arquidiocesismty.org\/arquimty\/wp-json\/wp\/v2\/types\/post"}],"author":[{"embeddable":true,"href":"https:\/\/www.arquidiocesismty.org\/arquimty\/wp-json\/wp\/v2\/users\/1"}],"replies":[{"embeddable":true,"href":"https:\/\/www.arquidiocesismty.org\/arquimty\/wp-json\/wp\/v2\/comments?post=16122"}],"version-history":[{"count":1,"href":"https:\/\/www.arquidiocesismty.org\/arquimty\/wp-json\/wp\/v2\/posts\/16122\/revisions"}],"predecessor-version":[{"id":16123,"href":"https:\/\/www.arquidiocesismty.org\/arquimty\/wp-json\/wp\/v2\/posts\/16122\/revisions\/16123"}],"wp:featuredmedia":[{"embeddable":true,"href":"https:\/\/www.arquidiocesismty.org\/arquimty\/wp-json\/wp\/v2\/media\/16124"}],"wp:attachment":[{"href":"https:\/\/www.arquidiocesismty.org\/arquimty\/wp-json\/wp\/v2\/media?parent=16122"}],"wp:term":[{"taxonomy":"category","embeddable":true,"href":"https:\/\/www.arquidiocesismty.org\/arquimty\/wp-json\/wp\/v2\/categories?post=16122"},{"taxonomy":"post_tag","embeddable":true,"href":"https:\/\/www.arquidiocesismty.org\/arquimty\/wp-json\/wp\/v2\/tags?post=16122"}],"curies":[{"name":"wp","href":"https:\/\/api.w.org\/{rel}","templated":true}]}}