{"id":16094,"date":"2022-11-13T17:55:34","date_gmt":"2022-11-13T17:55:34","guid":{"rendered":"https:\/\/www.arquidiocesismty.org\/arquimty\/?p=16094"},"modified":"2022-11-14T01:13:26","modified_gmt":"2022-11-14T07:13:26","slug":"plan-de-pastoral-la-forma-en-que-dios-quiere-que-nos-amemos","status":"publish","type":"post","link":"https:\/\/www.arquidiocesismty.org\/arquimty\/plan-de-pastoral-la-forma-en-que-dios-quiere-que-nos-amemos\/","title":{"rendered":"PLAN DE PASTORAL: LA FORMA EN QUE DIOS QUIERE QUE NOS AMEMOS"},"content":{"rendered":"<p><em>Por: Juan Pablo V\u00e1zquez Rodr\u00edguez<\/em><br \/>\n<em>Monterrey, N.L. (www.pastoralsiglo21.org).- 13 de noviembre del 2022<\/em><\/p>\n<p><strong>Este domingo en el encuentro con Agentes de pastoral al servicio de la JUVENTUD, el Arzobispo de Monterrey, Mons. Rogelio Cabrera realiz\u00f3 un llamado a la esperanza, a so\u00f1ar juntos el proyecto de Dios para la Iglesia de Monterrey.<\/strong><\/p>\n<p>\u201cQuiero invitarlos a tener esperanza, a mirar muy lejos, si nos preguntamos por el sue\u00f1o por el deseo de Jes\u00fas, es ponernos en sinton\u00eda con \u00c9l; el que sue\u00f1a sabe que el horizonte es inmenso, que los logros son peque\u00f1os, que la ruta es larga, pero cada paso cuenta\u201d.<\/p>\n<p>\u201cUn sue\u00f1o siempre parece algo inalcanzable, contradice nuestros alcances, pero ah\u00ed est\u00e1; en esta asamblea le estamos preguntando a \u00c9l, \u00bfCu\u00e1l es tu sue\u00f1o Jes\u00fas?, queremos escucharlo en este a\u00f1o 2022, con esos hermanos hermanas que conviven con nosotros, con las dificultades propias de nuestro tiempo\u201d.<\/p>\n<p><strong>\u201cEn ese sue\u00f1o de Jes\u00fas hay algo que no cambia, que siempre est\u00e1 y es su mandamiento, el proyecto de Jes\u00fas es el amor, el amor que se convierte en experiencia de dicha y felicidad y no siempre porque la alfombra sea roja, sino porque \u00c9l est\u00e1 siempre ah\u00ed\u201d.<\/strong><\/p>\n<p>\u201cNo podemos olvidar que el plan de pastoral es un proyecto, el dise\u00f1o de c\u00f3mo quiere Dios que nos amemos hoy, porque la pastoral juvenil es el aprendizaje del amor, porque quieren aprender amar, porque le preguntamos a Jes\u00fas como podemos amar hoy en medio de estas dificultades con las personas concretas que me toca vivir, el plan de pastoral es el plan del amor de Dios para esta iglesia de Monterrey\u201d.<\/p>\n<p>Finalmente, a\u00f1adi\u00f3: <strong>\u201cMiren a sus compa\u00f1eros y compa\u00f1eras con ojos de misericordia, aqu\u00ed no est\u00e1 la \u00e9lite moral de la juventud, seamos honestos, el Papa hace poco nos dec\u00eda cuidado con esa mentalidad de \u00e9lite en la pastoral; tenemos un regalo que a pesar de c\u00f3mo somos, aqu\u00ed estamos, que aunque no pasemos la radiograf\u00eda el Se\u00f1or quiere hacer algo muy grande por nosotros y por muchos j\u00f3venes, por ello cuando decimos dar testimonio no es presumir, decirle al otro que bien estoy, eso no es testimonio, como soy, como estoy Dios me ama ahora\u201d.<\/strong><\/p>\n","protected":false},"excerpt":{"rendered":"<p>Por: Juan Pablo V\u00e1zquez Rodr\u00edguez Monterrey, N.L. (www.pastoralsiglo21.org).- 13 de noviembre del 2022 Este domingo en el encuentro con Agentes de pastoral al servicio de la<span class=\"excerpt-hellip\"> [\u2026]<\/span><\/p>\n","protected":false},"author":1,"featured_media":16096,"comment_status":"closed","ping_status":"closed","sticky":false,"template":"","format":"standard","meta":[],"categories":[7,14],"tags":[],"_links":{"self":[{"href":"https:\/\/www.arquidiocesismty.org\/arquimty\/wp-json\/wp\/v2\/posts\/16094"}],"collection":[{"href":"https:\/\/www.arquidiocesismty.org\/arquimty\/wp-json\/wp\/v2\/posts"}],"about":[{"href":"https:\/\/www.arquidiocesismty.org\/arquimty\/wp-json\/wp\/v2\/types\/post"}],"author":[{"embeddable":true,"href":"https:\/\/www.arquidiocesismty.org\/arquimty\/wp-json\/wp\/v2\/users\/1"}],"replies":[{"embeddable":true,"href":"https:\/\/www.arquidiocesismty.org\/arquimty\/wp-json\/wp\/v2\/comments?post=16094"}],"version-history":[{"count":1,"href":"https:\/\/www.arquidiocesismty.org\/arquimty\/wp-json\/wp\/v2\/posts\/16094\/revisions"}],"predecessor-version":[{"id":16095,"href":"https:\/\/www.arquidiocesismty.org\/arquimty\/wp-json\/wp\/v2\/posts\/16094\/revisions\/16095"}],"wp:featuredmedia":[{"embeddable":true,"href":"https:\/\/www.arquidiocesismty.org\/arquimty\/wp-json\/wp\/v2\/media\/16096"}],"wp:attachment":[{"href":"https:\/\/www.arquidiocesismty.org\/arquimty\/wp-json\/wp\/v2\/media?parent=16094"}],"wp:term":[{"taxonomy":"category","embeddable":true,"href":"https:\/\/www.arquidiocesismty.org\/arquimty\/wp-json\/wp\/v2\/categories?post=16094"},{"taxonomy":"post_tag","embeddable":true,"href":"https:\/\/www.arquidiocesismty.org\/arquimty\/wp-json\/wp\/v2\/tags?post=16094"}],"curies":[{"name":"wp","href":"https:\/\/api.w.org\/{rel}","templated":true}]}}