{"id":16085,"date":"2022-11-11T17:00:30","date_gmt":"2022-11-11T17:00:30","guid":{"rendered":"https:\/\/www.arquidiocesismty.org\/arquimty\/?p=16085"},"modified":"2022-11-14T01:03:20","modified_gmt":"2022-11-14T07:03:20","slug":"asamblea-eclesial-diocesana-encuentro-con-agentes-de-la-palabra","status":"publish","type":"post","link":"https:\/\/www.arquidiocesismty.org\/arquimty\/asamblea-eclesial-diocesana-encuentro-con-agentes-de-la-palabra\/","title":{"rendered":"ASAMBLEA ECLESIAL DIOCESANA, ENCUENTRO CON AGENTES DE LA PALABRA"},"content":{"rendered":"<p><em>Por: Juan Pablo V\u00e1zquez Rodr\u00edguez<\/em><br \/>\n<em>Monterrey, N.L. (www.pastoralsiglo21.org).- 12 de noviembre del 2022<\/em><\/p>\n<p>La ma\u00f1ana de este s\u00e1bado en las instalaciones del Seminario Menor de Monterrey, se llev\u00f3 a cabo el Encuentro de Agentes de pastoral al servicio de la Palabra.<\/p>\n<p>Este primer encuentro es parte de la Asamblea Eclesial Diocesana, la cual se estar\u00e1 realizando por \u00e1reas de pastoral.<\/p>\n<p>En este encuentro de agentes de pastoral al servicio de la Palabra, se tuvieron momentos de encuentro y discernimiento comunitario, c\u00edrculos de di\u00e1logo, oraci\u00f3n ante el Sant\u00edsimo y la escucha a nuestro Arzobispo de Monterrey.<\/p>\n<p>Oremos por estos importantes momentos de sinodalidad para la Iglesia de Monterrey.<\/p>\n","protected":false},"excerpt":{"rendered":"<p>Por: Juan Pablo V\u00e1zquez Rodr\u00edguez Monterrey, N.L. (www.pastoralsiglo21.org).- 12 de noviembre del 2022 La ma\u00f1ana de este s\u00e1bado en las instalaciones del Seminario Menor de Monterrey,<span class=\"excerpt-hellip\"> [\u2026]<\/span><\/p>\n","protected":false},"author":1,"featured_media":16087,"comment_status":"closed","ping_status":"closed","sticky":false,"template":"","format":"standard","meta":[],"categories":[7,14],"tags":[],"_links":{"self":[{"href":"https:\/\/www.arquidiocesismty.org\/arquimty\/wp-json\/wp\/v2\/posts\/16085"}],"collection":[{"href":"https:\/\/www.arquidiocesismty.org\/arquimty\/wp-json\/wp\/v2\/posts"}],"about":[{"href":"https:\/\/www.arquidiocesismty.org\/arquimty\/wp-json\/wp\/v2\/types\/post"}],"author":[{"embeddable":true,"href":"https:\/\/www.arquidiocesismty.org\/arquimty\/wp-json\/wp\/v2\/users\/1"}],"replies":[{"embeddable":true,"href":"https:\/\/www.arquidiocesismty.org\/arquimty\/wp-json\/wp\/v2\/comments?post=16085"}],"version-history":[{"count":1,"href":"https:\/\/www.arquidiocesismty.org\/arquimty\/wp-json\/wp\/v2\/posts\/16085\/revisions"}],"predecessor-version":[{"id":16086,"href":"https:\/\/www.arquidiocesismty.org\/arquimty\/wp-json\/wp\/v2\/posts\/16085\/revisions\/16086"}],"wp:featuredmedia":[{"embeddable":true,"href":"https:\/\/www.arquidiocesismty.org\/arquimty\/wp-json\/wp\/v2\/media\/16087"}],"wp:attachment":[{"href":"https:\/\/www.arquidiocesismty.org\/arquimty\/wp-json\/wp\/v2\/media?parent=16085"}],"wp:term":[{"taxonomy":"category","embeddable":true,"href":"https:\/\/www.arquidiocesismty.org\/arquimty\/wp-json\/wp\/v2\/categories?post=16085"},{"taxonomy":"post_tag","embeddable":true,"href":"https:\/\/www.arquidiocesismty.org\/arquimty\/wp-json\/wp\/v2\/tags?post=16085"}],"curies":[{"name":"wp","href":"https:\/\/api.w.org\/{rel}","templated":true}]}}