{"id":16066,"date":"2022-11-04T15:40:27","date_gmt":"2022-11-04T15:40:27","guid":{"rendered":"https:\/\/www.arquidiocesismty.org\/arquimty\/?p=16066"},"modified":"2022-11-14T00:38:06","modified_gmt":"2022-11-14T06:38:06","slug":"semana-de-encuentros-del-celam-en-el-vaticano","status":"publish","type":"post","link":"https:\/\/www.arquidiocesismty.org\/arquimty\/semana-de-encuentros-del-celam-en-el-vaticano\/","title":{"rendered":"SEMANA DE ENCUENTROS DEL CELAM EN EL VATICANO"},"content":{"rendered":"<p><em>Por: Juan Pablo V\u00e1zquez Rodr\u00edguez<\/em><br \/>\n<em>Monterrey, N.L. (www.pastoralsiglo21.org).- 4 de noviembre del 2022<\/em><\/p>\n<p>Luego de la audiencia que la Presidencia del Consejo Episcopal Latinoamericano (Celam) sostuvo con el Papa Francisco, el pasado lunes 31 de octubre, el Secretario de Estado de la Santa Sede, el Card. Pietro Parolin, recibi\u00f3 a los representantes de los obispos de Am\u00e9rica Latina y el Caribe.<\/p>\n<p><strong>En el encuentro estuvieron presentes, por parte del Celam, Mons. Miguel Cabrejos Vidarte, Presidente; el Card. Odilo Pedro Scherer, Primer Vicepresidente; el Card. Leopoldo Jos\u00e9 Brenes, Segundo Vicepresidente; Mons. Rogelio Cabrera, Presidente del Consejo de Asuntos Econ\u00f3micos; Mons. Jorge Lozano, Secretario General; y el P. Pedro Brassesco, Secretario General Adjunto.<\/strong><\/p>\n<p>A unos metros de la tumba de San Francisco de As\u00eds, en la bas\u00edlica que lleva su nombre, (Celam) El pasado martes 1 de noviembre ha celebrado la Eucarist\u00eda este 01 de noviembre jla Presidencia del Consejo Episcopal Latinoamericano junto a decenas de peregrinos que, al igual que los miembros del Celam, han hecho de la Solemnidad de todos los Santos una oportunidad para revitalizar su fe y dar gracias a Dios por el testimonio de tantos beatos, m\u00e1rtires y santos de la Iglesia cat\u00f3lica.<\/p>\n<p>El jueves 3 de noviembre mantuvieron un encuentro con los representantes de la Conferencia Episcopal Italiana (CEI) que tuvo lugar a las 10 a.m. (hora de Roma). Por parte de la Presidencia de la CEI, participaron el Card. Matteo Maria Zuppi, Presidente; Mons. Giuseppe Andrea Salvatore Baturi, Secretario General; y Don Leonardo Di Mauro, Director del Servicio de Intervenciones Caritativas a favor del Tercer Mundo.<\/p>\n<p>Este mismo jueves 3 de noviembre a las 12:00 p.m. (hora de Roma) Episcopal Latinoamericano (Celam) y la Secretar\u00eda General del S\u00ednodo mantuvieron un encuentro calific\u00f3 Mons. Miguel Cabrejos Vidarte como un ejercicio de \u201cdi\u00e1logo, comuni\u00f3n y escucha mutua\u201d.<\/p>\n<p>El encuentro se orient\u00f3, en un primer momento, en torno al proceso sinodal que ha vivido la Iglesia latinoamericana y caribe\u00f1a con la Asamblea Eclesial que se celebr\u00f3 en noviembre de 2021, y que ha dado lugar al texto Hacia una Iglesia sinodal en salida a las periferias. Reflexiones y propuestas pastorales a partir de la Primera Asamblea Eclesial de Am\u00e9rica Latina y el Caribe, el cual fue entregado a la Secretar\u00eda General del S\u00ednodo en seis idiomas: espa\u00f1ol, portugu\u00e9s, ingl\u00e9s, franc\u00e9s, italiano y alem\u00e1n.<\/p>\n<p>Posteriormente, los prelados conversaron sobre la fase continental del S\u00ednodo para la sinodalidad, y el documento que fue presentado recientemente en la Sala Stampa para orientar esta fase, as\u00ed como las oportunidades que ofrece la prolongaci\u00f3n del S\u00ednodo hasta 2024.<\/p>\n<p><em>ENCUENTRO CON ESTUDIANTES REGIOS<\/em><\/p>\n<p>Durante esta semana el Arzobispo de Monterrey, mantuvo dos encuentros con los presb\u00cdteros de la Arquidi\u00f3cesis que se encuentran estudiando en Roma, adem\u00e1s de realizar una visita al Colegio Internacional Sedes Sapientiae en Roma, donde el Seminarista Alberto Estrada de Monterrey estudia actualmente la Teolog\u00eda.<\/p>\n","protected":false},"excerpt":{"rendered":"<p>Por: Juan Pablo V\u00e1zquez Rodr\u00edguez Monterrey, N.L. (www.pastoralsiglo21.org).- 4 de noviembre del 2022 Luego de la audiencia que la Presidencia del Consejo Episcopal Latinoamericano (Celam) sostuvo<span class=\"excerpt-hellip\"> [\u2026]<\/span><\/p>\n","protected":false},"author":1,"featured_media":16068,"comment_status":"closed","ping_status":"closed","sticky":false,"template":"","format":"standard","meta":[],"categories":[112,14],"tags":[],"_links":{"self":[{"href":"https:\/\/www.arquidiocesismty.org\/arquimty\/wp-json\/wp\/v2\/posts\/16066"}],"collection":[{"href":"https:\/\/www.arquidiocesismty.org\/arquimty\/wp-json\/wp\/v2\/posts"}],"about":[{"href":"https:\/\/www.arquidiocesismty.org\/arquimty\/wp-json\/wp\/v2\/types\/post"}],"author":[{"embeddable":true,"href":"https:\/\/www.arquidiocesismty.org\/arquimty\/wp-json\/wp\/v2\/users\/1"}],"replies":[{"embeddable":true,"href":"https:\/\/www.arquidiocesismty.org\/arquimty\/wp-json\/wp\/v2\/comments?post=16066"}],"version-history":[{"count":1,"href":"https:\/\/www.arquidiocesismty.org\/arquimty\/wp-json\/wp\/v2\/posts\/16066\/revisions"}],"predecessor-version":[{"id":16067,"href":"https:\/\/www.arquidiocesismty.org\/arquimty\/wp-json\/wp\/v2\/posts\/16066\/revisions\/16067"}],"wp:featuredmedia":[{"embeddable":true,"href":"https:\/\/www.arquidiocesismty.org\/arquimty\/wp-json\/wp\/v2\/media\/16068"}],"wp:attachment":[{"href":"https:\/\/www.arquidiocesismty.org\/arquimty\/wp-json\/wp\/v2\/media?parent=16066"}],"wp:term":[{"taxonomy":"category","embeddable":true,"href":"https:\/\/www.arquidiocesismty.org\/arquimty\/wp-json\/wp\/v2\/categories?post=16066"},{"taxonomy":"post_tag","embeddable":true,"href":"https:\/\/www.arquidiocesismty.org\/arquimty\/wp-json\/wp\/v2\/tags?post=16066"}],"curies":[{"name":"wp","href":"https:\/\/api.w.org\/{rel}","templated":true}]}}