{"id":16058,"date":"2022-10-31T19:40:59","date_gmt":"2022-10-31T19:40:59","guid":{"rendered":"https:\/\/www.arquidiocesismty.org\/arquimty\/?p=16058"},"modified":"2022-11-14T00:22:50","modified_gmt":"2022-11-14T06:22:50","slug":"reforma-electoral-en-materia-electoral-un-agravio-a-la-vida-democratica-del-pais","status":"publish","type":"post","link":"https:\/\/www.arquidiocesismty.org\/arquimty\/reforma-electoral-en-materia-electoral-un-agravio-a-la-vida-democratica-del-pais\/","title":{"rendered":"REFORMA ELECTORAL EN MATERIA ELECTORAL, UN AGRAVIO A LA VIDA DEMOCR\u00c1TICA DEL PA\u00cdS"},"content":{"rendered":"<p><em>Por: Juan Pablo V\u00e1zquez Rodr\u00edguez<\/em><br \/>\n<em>Monterrey, N.L. (www.pastoralsiglo21.org).- 31 de octubre del 2022<\/em><\/p>\n<p>Los Obispos Cat\u00f3licos de M\u00e9xico, representados en la Conferencia del Episcopado Mexicano (CEM), hicieron un exhorto, respetuosamente, al Poder Ejecutivo y Legislativo, a que asuma su responsabilidad con la historia y con las futuras generaciones, haciendo a un lado intereses ideol\u00f3gicos particulares e inapropiados para el bien com\u00fan, en un Estado de derecho democr\u00e1tico como es M\u00e9xico.<\/p>\n<p>En un comunicado de prensa, los obispos apelan a la prudencia legislativa y al compromiso del gobierno para con toda la ciudadan\u00eda, m\u00e1s all\u00e1 de intereses partidistas o de protagonismo hist\u00f3rico.<\/p>\n<p>Se\u00f1alan que la defensa de las instituciones electorales es responsabilidad y deber de todos los ciudadanos y por ello \u201cdecimos junto a millones de voces: no pongamos en riesgo la estabilidad y gobernabilidad democr\u00e1tica del pa\u00eds\u201d.<\/p>\n<p>Los Obispos de M\u00e9xico expresaron su preocupaci\u00f3n, al igual que muchos ciudadanos e instituciones de la sociedad civil, y de las organizaciones pol\u00edticas, por el impulso que se da a una reforma Constitucional en materia Electoral, por iniciativa del Ejecutivo Federal, que est\u00e1 en proceso en la C\u00e1mara de Diputados.<\/p>\n<p>Advierten que esta reforma, por su orientaci\u00f3n y motivos, es claramente regresiva, y constituye un agravio a la vida democr\u00e1tica del pa\u00eds, destinada a afectar la representaci\u00f3n y el equilibrio de las minor\u00edas y mayor\u00edas, llevando el control de los comicios hacia el \u00e1mbito del gobierno federal centralista, afectando su gesti\u00f3n presupuestal, eliminando su autonom\u00eda ciudadana y su imparcialidad partidista.<\/p>\n<p>\u201cNing\u00fan ciudadano y menos los gobernantes que juraron guardar y hacer guardar la Constituci\u00f3n de los Estados Unidos Mexicanos, tienen derecho a impulsar reformas que eliminen o comprometan la fortaleza de las instituciones que son el soporte del Estado Mexicano, como es el caso del INE y del TEPJF. La sola pretensi\u00f3n de hacerlo pone en entredicho la calidad moral de quienes la impulsan\u201d.<\/p>\n<p>Por tanto, \u201cunimos nuestras voces como pastores de la Iglesia cat\u00f3lica en M\u00e9xico, desde el ejercicio de nuestro compromiso con el bien com\u00fan que es un derecho propio y, con millones de ciudadanos que piden detener el intento de minar a estas dos Instituciones, a trav\u00e9s de reformar la Ley Constitucional\u201d.<\/p>\n<p>\u201cExpresamos nuevamente nuestro m\u00e1s amplio reconocimiento a la importante labor que realizan en la vida democr\u00e1tica de nuestro pa\u00eds, el Instituto Nacional Electoral (INE) y el correspondiente Tribunal Electoral del Poder Judicial de la Federaci\u00f3n (TEPJF)\u201d.<\/p>\n<p>Mencionan que el INE es una Instituci\u00f3n ciudadana que ha madurado gracias a su autonom\u00eda de los poderes pol\u00edticos y, en estrecha relaci\u00f3n con la ciudadan\u00eda y la pluralidad de los partidos pol\u00edticos, ha permitido durante los \u00faltimos 25 a\u00f1os la realizaci\u00f3n de procesos electorales (generales o locales) justos, equitativos, abiertos, transparentes y confiables, de forma legal y pac\u00edfica, para la renovaci\u00f3n de los cargos de elecci\u00f3n popular.<\/p>\n<p>Aseguran que el INE y el TEPJF hoy, son el resultado de la lucha y compromiso de miles de mexicanos de la sociedad civil, y de todos los signos partidistas, quienes lograron abrir caminos para la democracia real en M\u00e9xico.<\/p>\n<p>Desde su fundaci\u00f3n, expresan los Obispos Cat\u00f3licos en el comunicado, el principal fruto fue que el gobierno dej\u00f3 de ser juez y parte en los comicios electorales, y comenz\u00f3 la transici\u00f3n a la democracia con alternancia en las tareas de gobierno a nivel local y federal, lo que dio paso a gobiernos de distintas opciones pol\u00edticas, ya sea en los Congresos de los Estados, en las gubernaturas y municipios de los mismos, junto a la alternancia en el Poder Ejecutivo Federal y el Congreso Legislativo en su conjunto.<\/p>\n<p>\u201cEl INE tiene una gran aceptaci\u00f3n en la ciudadan\u00eda, siendo una de las Instituciones m\u00e1s confiables para los mexicanos, pues ha forjado la cultura de la identificaci\u00f3n oficial con la famosa credencial de elector, ha motivado la participaci\u00f3n y organizaci\u00f3n de los ciudadanos para ser los garantes de la imparcialidad y legalidad electoral, ha fiscalizado las contiendas electorales, ha impulsado condiciones de equidad en las contiendas y ha dado soluci\u00f3n, en el marco de la Ley, a las inconformidades y controversias, a trav\u00e9s del Poder Judicial Electoral\u201d, refiere el comunicado.<br \/>\nAdem\u00e1s, el Instituto Electoral goza de un merecido reconocimiento internacional, siendo un ejemplo a seguir en muchos otros pa\u00edses.<\/p>\n","protected":false},"excerpt":{"rendered":"<p>Por: Juan Pablo V\u00e1zquez Rodr\u00edguez Monterrey, N.L. (www.pastoralsiglo21.org).- 31 de octubre del 2022 Los Obispos Cat\u00f3licos de M\u00e9xico, representados en la Conferencia del Episcopado Mexicano (CEM),<span class=\"excerpt-hellip\"> [\u2026]<\/span><\/p>\n","protected":false},"author":1,"featured_media":16060,"comment_status":"open","ping_status":"closed","sticky":false,"template":"","format":"standard","meta":[],"categories":[110,14],"tags":[],"_links":{"self":[{"href":"https:\/\/www.arquidiocesismty.org\/arquimty\/wp-json\/wp\/v2\/posts\/16058"}],"collection":[{"href":"https:\/\/www.arquidiocesismty.org\/arquimty\/wp-json\/wp\/v2\/posts"}],"about":[{"href":"https:\/\/www.arquidiocesismty.org\/arquimty\/wp-json\/wp\/v2\/types\/post"}],"author":[{"embeddable":true,"href":"https:\/\/www.arquidiocesismty.org\/arquimty\/wp-json\/wp\/v2\/users\/1"}],"replies":[{"embeddable":true,"href":"https:\/\/www.arquidiocesismty.org\/arquimty\/wp-json\/wp\/v2\/comments?post=16058"}],"version-history":[{"count":1,"href":"https:\/\/www.arquidiocesismty.org\/arquimty\/wp-json\/wp\/v2\/posts\/16058\/revisions"}],"predecessor-version":[{"id":16059,"href":"https:\/\/www.arquidiocesismty.org\/arquimty\/wp-json\/wp\/v2\/posts\/16058\/revisions\/16059"}],"wp:featuredmedia":[{"embeddable":true,"href":"https:\/\/www.arquidiocesismty.org\/arquimty\/wp-json\/wp\/v2\/media\/16060"}],"wp:attachment":[{"href":"https:\/\/www.arquidiocesismty.org\/arquimty\/wp-json\/wp\/v2\/media?parent=16058"}],"wp:term":[{"taxonomy":"category","embeddable":true,"href":"https:\/\/www.arquidiocesismty.org\/arquimty\/wp-json\/wp\/v2\/categories?post=16058"},{"taxonomy":"post_tag","embeddable":true,"href":"https:\/\/www.arquidiocesismty.org\/arquimty\/wp-json\/wp\/v2\/tags?post=16058"}],"curies":[{"name":"wp","href":"https:\/\/api.w.org\/{rel}","templated":true}]}}