{"id":16052,"date":"2022-10-31T10:15:54","date_gmt":"2022-10-31T10:15:54","guid":{"rendered":"https:\/\/www.arquidiocesismty.org\/arquimty\/?p=16052"},"modified":"2022-11-14T00:14:55","modified_gmt":"2022-11-14T06:14:55","slug":"arzobispo-de-monterrey-participa-en-encuentro-del-celam-con-el-papa","status":"publish","type":"post","link":"https:\/\/www.arquidiocesismty.org\/arquimty\/arzobispo-de-monterrey-participa-en-encuentro-del-celam-con-el-papa\/","title":{"rendered":"ARZOBISPO DE MONTERREY PARTICIPA EN ENCUENTRO DEL CELAM CON EL PAPA"},"content":{"rendered":"<p><em>Por: Juan Pablo V\u00e1zquez Rodr\u00edguez<\/em><br \/>\n<em>Monterrey, N.L. (www.pastoralsiglo21.org).- 31 de octubre del 2022<\/em><\/p>\n<p>La presidencia del CELAM inici\u00f3 hoy su agenda en la Santa Sede. Visita que le llevar\u00e1 a sostener diversos encuentros con los representantes de los Dicasterios de la Curia Vaticana.<\/p>\n<p>La agenda se inici\u00f3 con la visita al Santo Padre y el encuentro con el Cardenal Pietro Parol\u00edn, secretario de Estado Vaticano.<\/p>\n<p>El objetivo presentar el Documento de la Asamblea Eclesial de Am\u00e9rica Latina y el Caribe.<\/p>\n<p>El Arzobispo de Monterrey &#8211; Mons. Rogelio Cabrera L\u00f3pez, participa en este encuentro como parte del equipo de presidencia del CELAM.<\/p>\n<p><em>Sobre el documento<\/em><\/p>\n<p>El volumen de 146 p\u00e1ginas est\u00e1 estructurado en tres partes: \u201cSignos de los tiempos que nos interpelan y alientan\u201d, \u201cUna Iglesia sinodal y misionera al servicio de la vida plena\u201d y las propuestas pastorales y las l\u00edneas de acci\u00f3n.<\/p>\n<p>Es un aporte a la reflexi\u00f3n y al caminar de las comunidades en Am\u00e9rica Latina, con la certeza de que \u201ctodos somos disc\u00edpulos misioneros en salida\u201d. Como se subraya en el mensaje, \u201ces expresi\u00f3n del querer plural de una Iglesia en salida, porque recopila los aportes de las diversas vocaciones y ministerios del Pueblo de Dios que participaron como fieles \u201cdisc\u00edpulos misioneros\u201d en el discernimiento de los desaf\u00edos y orientaciones pastorales; por ello es tambi\u00e9n expresi\u00f3n prof\u00e9tica\u201d.<\/p>\n","protected":false},"excerpt":{"rendered":"<p>Por: Juan Pablo V\u00e1zquez Rodr\u00edguez Monterrey, N.L. (www.pastoralsiglo21.org).- 31 de octubre del 2022 La presidencia del CELAM inici\u00f3 hoy su agenda en la Santa Sede. Visita<span class=\"excerpt-hellip\"> [\u2026]<\/span><\/p>\n","protected":false},"author":1,"featured_media":16054,"comment_status":"closed","ping_status":"closed","sticky":false,"template":"","format":"standard","meta":[],"categories":[112,14],"tags":[],"_links":{"self":[{"href":"https:\/\/www.arquidiocesismty.org\/arquimty\/wp-json\/wp\/v2\/posts\/16052"}],"collection":[{"href":"https:\/\/www.arquidiocesismty.org\/arquimty\/wp-json\/wp\/v2\/posts"}],"about":[{"href":"https:\/\/www.arquidiocesismty.org\/arquimty\/wp-json\/wp\/v2\/types\/post"}],"author":[{"embeddable":true,"href":"https:\/\/www.arquidiocesismty.org\/arquimty\/wp-json\/wp\/v2\/users\/1"}],"replies":[{"embeddable":true,"href":"https:\/\/www.arquidiocesismty.org\/arquimty\/wp-json\/wp\/v2\/comments?post=16052"}],"version-history":[{"count":1,"href":"https:\/\/www.arquidiocesismty.org\/arquimty\/wp-json\/wp\/v2\/posts\/16052\/revisions"}],"predecessor-version":[{"id":16053,"href":"https:\/\/www.arquidiocesismty.org\/arquimty\/wp-json\/wp\/v2\/posts\/16052\/revisions\/16053"}],"wp:featuredmedia":[{"embeddable":true,"href":"https:\/\/www.arquidiocesismty.org\/arquimty\/wp-json\/wp\/v2\/media\/16054"}],"wp:attachment":[{"href":"https:\/\/www.arquidiocesismty.org\/arquimty\/wp-json\/wp\/v2\/media?parent=16052"}],"wp:term":[{"taxonomy":"category","embeddable":true,"href":"https:\/\/www.arquidiocesismty.org\/arquimty\/wp-json\/wp\/v2\/categories?post=16052"},{"taxonomy":"post_tag","embeddable":true,"href":"https:\/\/www.arquidiocesismty.org\/arquimty\/wp-json\/wp\/v2\/tags?post=16052"}],"curies":[{"name":"wp","href":"https:\/\/api.w.org\/{rel}","templated":true}]}}