{"id":16046,"date":"2022-10-28T11:30:28","date_gmt":"2022-10-28T11:30:28","guid":{"rendered":"https:\/\/www.arquidiocesismty.org\/arquimty\/?p=16046"},"modified":"2022-11-14T00:01:42","modified_gmt":"2022-11-14T06:01:42","slug":"encuentro-nacional-de-pastoral-de-la-comunicacion-2","status":"publish","type":"post","link":"https:\/\/www.arquidiocesismty.org\/arquimty\/encuentro-nacional-de-pastoral-de-la-comunicacion-2\/","title":{"rendered":"ENCUENTRO NACIONAL DE PASTORAL DE LA COMUNICACI\u00d3N"},"content":{"rendered":"<p><em>Por: Juan Pablo V\u00e1zquez Rodr\u00edguez<\/em><br \/>\n<em>Monterrey, N.L. (www.pastoralsiglo21.org).- 28 de octubre del 2022<\/em><\/p>\n<p>Del 24 al 28 de octubre, reunidos en Guadalajara se llev\u00f3 a cabo el XXIX Encuentro Nacional de Pastoral de la Comunicaci\u00f3n, en el cual participaron 130 comunicadores cat\u00f3licos, Obispos, religiosas y laicos de todo el pa\u00eds, que trabajar\u00e1n en la comunicaci\u00f3n del Evangelio.<\/p>\n<p>El Encuentro inicio con la celebraci\u00f3n de la Santa Misa presidida por Mons. Rogelio Cabrera L\u00f3pez, Arzobispo de Monterrey y presidente de la Conferencia del Episcopado Mexicano.<\/p>\n<p>Mons. Cabrera, se\u00f1al\u00f3 que Cristo le dio a la Iglesia y a sus ap\u00f3stoles la consigna de ir y predicar el Evangelio, por lo tanto la Iglesia debe de comunicar.<\/p>\n<p>A\u00f1adi\u00f3 que a trav\u00e9s de los siglos la Iglesia ha hecho lo mejor que puede, trata de estar al d\u00eda, de caminar con el pueblo, con el mundo y hoy est\u00e1 con quienes transitan en las redes sociales, donde la gente pregunta el sentido, pregunta cu\u00e1l es el camino adecuado, el camino verdadero.<\/p>\n<p>Resalt\u00f3 que el lema del Encuentro es \u201cescuchar con el coraz\u00f3n\u201d, pero dijo que la contraparte es hablar con el coraz\u00f3n. Explic\u00f3 que la comunicaci\u00f3n es en mutualidad, es un pacto afectivo entre el que oye y el que habla. \u201cLa comunicaci\u00f3n es integral e integradora\u201d.<\/p>\n<p>Dijo que hay una simbiosis entre la palabra, la imagen y sentimiento.<\/p>\n<p><strong>\u201cEl comunicador debe identificarse con Cristo Buen Pastor y compartir ciertos rasgos como conocer a las ovejas y que ellas nos conozcan\u201d<\/strong>. A\u00f1adi\u00f3 que conocer es igual a amar, por tanto debemos llevar a las personas al amor, a la misericordia y a la ternura.<\/p>\n<p>\u201cDebemos comunicar con el estilo tierno de Jes\u00fas que sabe hablar y que sabe callar, porque no solamente hay que ser reactivos. Hay que ser prudentes pero no cobardes, medir el alcance de lo que decimos, lo que narramos, lo que presentamos.<\/p>\n<p>\u201cLa comunicaci\u00f3n es pastoral porque la hacemos al estilo del Buen Pastor. Hay que buscar que fortalezca, que anime. Evangelizar es llevar alegr\u00eda y esperanza, ayudar a que otros quieran ir al cielo\u201d, concluy\u00f3 el Arzobispo.<br \/>\n-Durante la semana se compartieron diversos temas, entre ellos:<\/p>\n<p>-Sin comunicaci\u00f3n la Iglesia no tiene futuro.<\/p>\n<p>-\u00bfC\u00f3mo hace la Iglesia para no ser una notificaci\u00f3n m\u00e1s?<\/p>\n<p>-La percepci\u00f3n de la Iglesia en la actualidad.<\/p>\n<p>-\u201cEn la medida que la Iglesia se vuelve capaz de moverse en el mundo medi\u00e1tico tiene futuro\u201d.<\/p>\n<p>-El covid nos cambi\u00f3 el \u2018chip\u2019 comunicativo.<\/p>\n<p>-Estrategias del Papa Francisco para comunicarse en el contexto de la cultura secular.<\/p>\n<p>-\u201cHacia una comunicaci\u00f3n de escucha y di\u00e1logo para la Sinodalidad\u201d.<\/p>\n<p>-Los retos de la Comunicaci\u00f3n para la Iglesia en M\u00e9xico.<\/p>\n<p>Felicidades a todos los participantes, que este encuentro de abundantes frutos.<\/p>\n<p>Con informaci\u00f3n de la Arquidi\u00f3cesis de Guadalajara.<\/p>\n","protected":false},"excerpt":{"rendered":"<p>Por: Juan Pablo V\u00e1zquez Rodr\u00edguez Monterrey, N.L. (www.pastoralsiglo21.org).- 28 de octubre del 2022 Del 24 al 28 de octubre, reunidos en Guadalajara se llev\u00f3 a cabo<span class=\"excerpt-hellip\"> [\u2026]<\/span><\/p>\n","protected":false},"author":1,"featured_media":16048,"comment_status":"closed","ping_status":"closed","sticky":false,"template":"","format":"standard","meta":[],"categories":[110,14],"tags":[],"_links":{"self":[{"href":"https:\/\/www.arquidiocesismty.org\/arquimty\/wp-json\/wp\/v2\/posts\/16046"}],"collection":[{"href":"https:\/\/www.arquidiocesismty.org\/arquimty\/wp-json\/wp\/v2\/posts"}],"about":[{"href":"https:\/\/www.arquidiocesismty.org\/arquimty\/wp-json\/wp\/v2\/types\/post"}],"author":[{"embeddable":true,"href":"https:\/\/www.arquidiocesismty.org\/arquimty\/wp-json\/wp\/v2\/users\/1"}],"replies":[{"embeddable":true,"href":"https:\/\/www.arquidiocesismty.org\/arquimty\/wp-json\/wp\/v2\/comments?post=16046"}],"version-history":[{"count":1,"href":"https:\/\/www.arquidiocesismty.org\/arquimty\/wp-json\/wp\/v2\/posts\/16046\/revisions"}],"predecessor-version":[{"id":16047,"href":"https:\/\/www.arquidiocesismty.org\/arquimty\/wp-json\/wp\/v2\/posts\/16046\/revisions\/16047"}],"wp:featuredmedia":[{"embeddable":true,"href":"https:\/\/www.arquidiocesismty.org\/arquimty\/wp-json\/wp\/v2\/media\/16048"}],"wp:attachment":[{"href":"https:\/\/www.arquidiocesismty.org\/arquimty\/wp-json\/wp\/v2\/media?parent=16046"}],"wp:term":[{"taxonomy":"category","embeddable":true,"href":"https:\/\/www.arquidiocesismty.org\/arquimty\/wp-json\/wp\/v2\/categories?post=16046"},{"taxonomy":"post_tag","embeddable":true,"href":"https:\/\/www.arquidiocesismty.org\/arquimty\/wp-json\/wp\/v2\/tags?post=16046"}],"curies":[{"name":"wp","href":"https:\/\/api.w.org\/{rel}","templated":true}]}}