{"id":15945,"date":"2022-09-06T09:35:19","date_gmt":"2022-09-06T09:35:19","guid":{"rendered":"https:\/\/www.arquidiocesismty.org\/arquimty\/?p=15945"},"modified":"2022-09-07T00:01:05","modified_gmt":"2022-09-07T05:01:05","slug":"obispos-tex-mex-visitan-casa-del-migrante-nazareth","status":"publish","type":"post","link":"https:\/\/www.arquidiocesismty.org\/arquimty\/obispos-tex-mex-visitan-casa-del-migrante-nazareth\/","title":{"rendered":"OBISPOS TEX-MEX VISITAN CASA DEL MIGRANTE NAZARETH"},"content":{"rendered":"<p><em>Por: Juan Pablo V\u00e1zquez Rodr\u00edguez <\/em><br \/>\n<em>Monterrey, N.L. (www.pastoralsiglo21.org).- 6 de septiembre del 2022<\/em><\/p>\n<p>Durante la reuni\u00f3n anual de Obispos Tex-Mex, llevada a cabo el pasado Nuevo Laredo se realiz\u00f3 una visita a la Casa del Migrante Nazareth, que por muchos a\u00f1os ha dado albergue a los hermanos connacionales que llegan de otros puntos de M\u00e9xico y extranjeros provenientes de Latinoam\u00e9rica y pa\u00edses c\u00f3mo Guatemala, El Salvador, Honduras, Ecuador y Hait\u00ed principalmente.<\/p>\n<p>En este encuentro participaron los Obispos Enrique S\u00e1nchez; Di\u00f3cesis de Nvo. Laredo, Gustavo Garc\u00eda-Siller, Di\u00f3cesis de San Antonio, Michael Boullete; Auxiliar en la Di\u00f3cesis de San Antonio, Mons. Gary W. Janak; Auxiliar en la Di\u00f3cesis de San Antonio, Michael Sis; Di\u00f3cesis de San Angelo, James Tamayo; Di\u00f3cesis de Laredo Tx.,Daniel E. Flores de Brownsville, Mario Avil\u00e9s; Auxiliar de la Di\u00f3cesis de Brownsville, Jes\u00fas Jos\u00e9 Herrera de Nvo. Casas Grandes, Eugenio Lira; de la Di\u00f3cesis de Matamoros, Alonso Garza de Piedras Negras, Gustavo Rodr\u00edguez Vega; de la Arquidiocesis de Yucat\u00e1n y presidente de la Red Clamor y Ra\u00fal Vera; Obispo Em\u00e9rito Saltillo.<\/p>\n","protected":false},"excerpt":{"rendered":"<p>Por: Juan Pablo V\u00e1zquez Rodr\u00edguez Monterrey, N.L. (www.pastoralsiglo21.org).- 6 de septiembre del 2022 Durante la reuni\u00f3n anual de Obispos Tex-Mex, llevada a cabo el pasado Nuevo<span class=\"excerpt-hellip\"> [\u2026]<\/span><\/p>\n","protected":false},"author":1,"featured_media":15947,"comment_status":"closed","ping_status":"closed","sticky":false,"template":"","format":"standard","meta":[],"categories":[110,14],"tags":[],"_links":{"self":[{"href":"https:\/\/www.arquidiocesismty.org\/arquimty\/wp-json\/wp\/v2\/posts\/15945"}],"collection":[{"href":"https:\/\/www.arquidiocesismty.org\/arquimty\/wp-json\/wp\/v2\/posts"}],"about":[{"href":"https:\/\/www.arquidiocesismty.org\/arquimty\/wp-json\/wp\/v2\/types\/post"}],"author":[{"embeddable":true,"href":"https:\/\/www.arquidiocesismty.org\/arquimty\/wp-json\/wp\/v2\/users\/1"}],"replies":[{"embeddable":true,"href":"https:\/\/www.arquidiocesismty.org\/arquimty\/wp-json\/wp\/v2\/comments?post=15945"}],"version-history":[{"count":1,"href":"https:\/\/www.arquidiocesismty.org\/arquimty\/wp-json\/wp\/v2\/posts\/15945\/revisions"}],"predecessor-version":[{"id":15946,"href":"https:\/\/www.arquidiocesismty.org\/arquimty\/wp-json\/wp\/v2\/posts\/15945\/revisions\/15946"}],"wp:featuredmedia":[{"embeddable":true,"href":"https:\/\/www.arquidiocesismty.org\/arquimty\/wp-json\/wp\/v2\/media\/15947"}],"wp:attachment":[{"href":"https:\/\/www.arquidiocesismty.org\/arquimty\/wp-json\/wp\/v2\/media?parent=15945"}],"wp:term":[{"taxonomy":"category","embeddable":true,"href":"https:\/\/www.arquidiocesismty.org\/arquimty\/wp-json\/wp\/v2\/categories?post=15945"},{"taxonomy":"post_tag","embeddable":true,"href":"https:\/\/www.arquidiocesismty.org\/arquimty\/wp-json\/wp\/v2\/tags?post=15945"}],"curies":[{"name":"wp","href":"https:\/\/api.w.org\/{rel}","templated":true}]}}