{"id":15939,"date":"2022-09-04T21:05:03","date_gmt":"2022-09-04T21:05:03","guid":{"rendered":"https:\/\/www.arquidiocesismty.org\/arquimty\/?p=15939"},"modified":"2022-09-06T23:30:27","modified_gmt":"2022-09-07T04:30:27","slug":"invita-arzobispo-de-monterrey-a-orar-por-la-semana-de-formacion-de-los-obispos-de-mexico","status":"publish","type":"post","link":"https:\/\/www.arquidiocesismty.org\/arquimty\/invita-arzobispo-de-monterrey-a-orar-por-la-semana-de-formacion-de-los-obispos-de-mexico\/","title":{"rendered":"INVITA ARZOBISPO DE MONTERREY A ORAR POR LA SEMANA DE FORMACI\u00d3N DE LOS OBISPOS DE M\u00c9XICO"},"content":{"rendered":"<p><em>Por: Juan Pablo V\u00e1zquez Rodr\u00edguez <\/em><br \/>\n<em>Monterrey, N.L. (www.pastoralsiglo21.org).- 4 de septiembre del 2022<\/em><\/p>\n<p>El Arzobispo de Monterrey, Mons. Rogelio Cabrera L\u00f3pez comparti\u00f3 en su mensaje dominical que durante la semana que inicia se llevar\u00e1 a cabo la reuni\u00f3n de estudio y oraci\u00f3n de los obispos de M\u00e9xico en territorio de la Arquidi\u00f3cesis.<\/p>\n<p><strong>\u201cLes comparto que, Dios mediante, del 5 al 9 de este mes, 80 obispos mexicanos, aproximadamente, nos reuniremos en una casa de retiro en Santiago, N.L., para tener una semana de estudio\u201d.<\/strong><\/p>\n<p>\u201cEsta reuni\u00f3n de formaci\u00f3n permanente se sumar\u00e1 a las reuniones que se han realizado en todo el pa\u00eds entorno al pr\u00f3ximo S\u00ednodo de Obispos del 2023 sobre la sinodalidad\u201d.<\/p>\n<p><strong>Monse\u00f1or Rogelio invit\u00f3 a los fieles a orar para que esta reuni\u00f3n d\u00e9 frutos pastorales.<\/strong><\/p>\n<p><strong>\u201cLes pido que nos tengan presentes en sus oraciones para que todo lo que ah\u00ed reflexionemos, la mirada que tengamos de nuestro pa\u00eds, la mirada que tengamos de nuestra iglesia sea para un mayor esfuerzo pastoral\u201d.<\/strong><\/p>\n","protected":false},"excerpt":{"rendered":"<p>Por: Juan Pablo V\u00e1zquez Rodr\u00edguez Monterrey, N.L. (www.pastoralsiglo21.org).- 4 de septiembre del 2022 El Arzobispo de Monterrey, Mons. Rogelio Cabrera L\u00f3pez comparti\u00f3 en su mensaje dominical<span class=\"excerpt-hellip\"> [\u2026]<\/span><\/p>\n","protected":false},"author":1,"featured_media":15941,"comment_status":"closed","ping_status":"closed","sticky":false,"template":"","format":"standard","meta":[],"categories":[110,14],"tags":[],"_links":{"self":[{"href":"https:\/\/www.arquidiocesismty.org\/arquimty\/wp-json\/wp\/v2\/posts\/15939"}],"collection":[{"href":"https:\/\/www.arquidiocesismty.org\/arquimty\/wp-json\/wp\/v2\/posts"}],"about":[{"href":"https:\/\/www.arquidiocesismty.org\/arquimty\/wp-json\/wp\/v2\/types\/post"}],"author":[{"embeddable":true,"href":"https:\/\/www.arquidiocesismty.org\/arquimty\/wp-json\/wp\/v2\/users\/1"}],"replies":[{"embeddable":true,"href":"https:\/\/www.arquidiocesismty.org\/arquimty\/wp-json\/wp\/v2\/comments?post=15939"}],"version-history":[{"count":1,"href":"https:\/\/www.arquidiocesismty.org\/arquimty\/wp-json\/wp\/v2\/posts\/15939\/revisions"}],"predecessor-version":[{"id":15940,"href":"https:\/\/www.arquidiocesismty.org\/arquimty\/wp-json\/wp\/v2\/posts\/15939\/revisions\/15940"}],"wp:featuredmedia":[{"embeddable":true,"href":"https:\/\/www.arquidiocesismty.org\/arquimty\/wp-json\/wp\/v2\/media\/15941"}],"wp:attachment":[{"href":"https:\/\/www.arquidiocesismty.org\/arquimty\/wp-json\/wp\/v2\/media?parent=15939"}],"wp:term":[{"taxonomy":"category","embeddable":true,"href":"https:\/\/www.arquidiocesismty.org\/arquimty\/wp-json\/wp\/v2\/categories?post=15939"},{"taxonomy":"post_tag","embeddable":true,"href":"https:\/\/www.arquidiocesismty.org\/arquimty\/wp-json\/wp\/v2\/tags?post=15939"}],"curies":[{"name":"wp","href":"https:\/\/api.w.org\/{rel}","templated":true}]}}