{"id":15812,"date":"2022-07-19T10:25:31","date_gmt":"2022-07-19T10:25:31","guid":{"rendered":"https:\/\/www.arquidiocesismty.org\/arquimty\/?p=15812"},"modified":"2022-07-19T11:43:44","modified_gmt":"2022-07-19T16:43:44","slug":"iglesia-de-mexico-convoca-a-continuar-trabajando-juntos-por-la-paz","status":"publish","type":"post","link":"https:\/\/www.arquidiocesismty.org\/arquimty\/iglesia-de-mexico-convoca-a-continuar-trabajando-juntos-por-la-paz\/","title":{"rendered":"IGLESIA DE M\u00c9XICO CONVOCA A CONTINUAR TRABAJANDO JUNTOS POR LA PAZ"},"content":{"rendered":"<p><em>Por: Juan Pablo V\u00e1zquez Rodr\u00edguez <\/em><br \/>\n<em>Monterrey, N.L. (www.pastoralsiglo21.org).- 19 de julio del 2022<\/em><\/p>\n<p><strong>En el marco de la Jornada de Oraci\u00f3n por la paz, la Conferencia del Episcopado Mexicano, la Conferencia de Superiores Mayores de Religiosos de M\u00e9xico y la Provincia Mexicana de la Compa\u00f1\u00eda de Jes\u00fas invitaron, a el pueblo de M\u00e9xico a emprender en este momento critico que vive el pa\u00eds, acciones que nos lleven a la justicia, la reconciliaci\u00f3n y la paz.<\/strong><\/p>\n<p><strong>Concretamente para los d\u00edas 24 y 31 de julio convocaron a las siguientes acciones:<\/strong><\/p>\n<p><strong>1.<\/strong> Para el domingo 24 de julio, invitamos a llevar a los templos fotograf\u00edas de las personas amigas o familiares que han perdido la vida a consecuencia de la violencia o que se encuentran desaparecidas. Pedimos a todos los sacerdotes que realicen una oraci\u00f3n especial por ellas, pedir verdad y justicia, y consuelo para sus familiares, todo esto como un gesto de acogida y memoria del sufrimiento de Cristo en nuestro pa\u00eds.<\/p>\n<p><strong>2.<\/strong> Invitamos a que el domingo 31 de julio, fiesta de San Ignacio de Loyola, sea un d\u00eda de oraci\u00f3n por la conversi\u00f3n de los victimarios, y para que logremos realizar &#8220;la mejor pol\u00edtica&#8221; que convoca el Papa Francisco en el cap\u00edtulo 5 de su enc\u00edclica Fratelli Tutti, centrada en el encuentro, el di\u00e1logo, el consenso y la restauraci\u00f3n de la comunidad.<\/p>\n<p>Finalmente el documento se\u00f1ala: \u201cEstamos convencidos de emprender un proceso de construcci\u00f3n de paz junto con otros y otras, nuestra base est\u00e1 en la oraci\u00f3n que tiende puentes entre los artesanos y las artesanas de la paz\u201d.<\/p>\n<p>#IglesiaDeM\u00e9xico<\/p>\n","protected":false},"excerpt":{"rendered":"<p>Por: Juan Pablo V\u00e1zquez Rodr\u00edguez Monterrey, N.L. (www.pastoralsiglo21.org).- 19 de julio del 2022 En el marco de la Jornada de Oraci\u00f3n por la paz, la Conferencia<span class=\"excerpt-hellip\"> [\u2026]<\/span><\/p>\n","protected":false},"author":1,"featured_media":15814,"comment_status":"closed","ping_status":"closed","sticky":false,"template":"","format":"standard","meta":[],"categories":[110,14],"tags":[],"_links":{"self":[{"href":"https:\/\/www.arquidiocesismty.org\/arquimty\/wp-json\/wp\/v2\/posts\/15812"}],"collection":[{"href":"https:\/\/www.arquidiocesismty.org\/arquimty\/wp-json\/wp\/v2\/posts"}],"about":[{"href":"https:\/\/www.arquidiocesismty.org\/arquimty\/wp-json\/wp\/v2\/types\/post"}],"author":[{"embeddable":true,"href":"https:\/\/www.arquidiocesismty.org\/arquimty\/wp-json\/wp\/v2\/users\/1"}],"replies":[{"embeddable":true,"href":"https:\/\/www.arquidiocesismty.org\/arquimty\/wp-json\/wp\/v2\/comments?post=15812"}],"version-history":[{"count":1,"href":"https:\/\/www.arquidiocesismty.org\/arquimty\/wp-json\/wp\/v2\/posts\/15812\/revisions"}],"predecessor-version":[{"id":15813,"href":"https:\/\/www.arquidiocesismty.org\/arquimty\/wp-json\/wp\/v2\/posts\/15812\/revisions\/15813"}],"wp:featuredmedia":[{"embeddable":true,"href":"https:\/\/www.arquidiocesismty.org\/arquimty\/wp-json\/wp\/v2\/media\/15814"}],"wp:attachment":[{"href":"https:\/\/www.arquidiocesismty.org\/arquimty\/wp-json\/wp\/v2\/media?parent=15812"}],"wp:term":[{"taxonomy":"category","embeddable":true,"href":"https:\/\/www.arquidiocesismty.org\/arquimty\/wp-json\/wp\/v2\/categories?post=15812"},{"taxonomy":"post_tag","embeddable":true,"href":"https:\/\/www.arquidiocesismty.org\/arquimty\/wp-json\/wp\/v2\/tags?post=15812"}],"curies":[{"name":"wp","href":"https:\/\/api.w.org\/{rel}","templated":true}]}}