{"id":15791,"date":"2022-07-05T11:35:59","date_gmt":"2022-07-05T11:35:59","guid":{"rendered":"https:\/\/www.arquidiocesismty.org\/arquimty\/?p=15791"},"modified":"2022-07-05T12:45:08","modified_gmt":"2022-07-05T17:45:08","slug":"convocan-obispos-de-mexico-a-jornada-de-oracion-por-la-paz","status":"publish","type":"post","link":"https:\/\/www.arquidiocesismty.org\/arquimty\/convocan-obispos-de-mexico-a-jornada-de-oracion-por-la-paz\/","title":{"rendered":"CONVOCAN OBISPOS DE M\u00c9XICO A JORNADA DE ORACI\u00d3N POR LA PAZ"},"content":{"rendered":"<p><em>Por: Juan Pablo V\u00e1zquez Rodr\u00edguez <\/em><br \/>\n<em>Monterrey, N.L. (www.pastoralsiglo21.org).- 5 de julio del 2022<\/em><\/p>\n<p><strong>Ante los asesinatos y desapariciones que diariamente se cometen en el pa\u00eds los obispos de M\u00e9xico realizaron un llamado de Dios a unirnos para pedir por la paz.<\/strong><\/p>\n<p><strong>\u201cNecesitamos estar unidos en este momento en que la indignaci\u00f3n de nuestro pueblo, ante la barbarie de la violencia, nos est\u00e1n abriendo una puerta para La Paz\u201d, se\u00f1ala el documento enviado la la Conferencia del Episcopado Mexicano .<\/strong><\/p>\n<p>Son cuatro las acciones a las que invitan los obispos:<\/p>\n<p><strong>1.<\/strong> <strong>En todas las misas a celebrarse el pr\u00f3ximo 10 de julio hacer memoria de todos los sacerdotes, religiosos y religiosas que han sido asesinados en el pa\u00eds y ofrecer la intenci\u00f3n de la eucarist\u00eda por su vida para que su dolor nos acompa\u00f1e en este camino por la paz.<\/strong> En los templos se pueden colocar fotograf\u00edas de estos hombres y mujeres que han dado su vida por el pueblo de Dios y han recibido la muerte violenta.<\/p>\n<p><strong>2. <\/strong>Este mes de julio les pedimos <strong>celebrar misas o realizar oraciones comunitarias en lugares significativos que representen a todas las personas que han desaparecido o sufrido una muerte violenta, sean homicidios <\/strong><strong>dolosos, feminicidios, activistas sociales o cualquier otra persona en situaci\u00f3n de exclusi\u00f3n o vulnerabilidad, ah\u00ed existe una herida que sanar y ah\u00ed est\u00e1 la fuerza que hoy necesita el pa\u00eds para construir la paz.<\/strong> Hacer memoria de la muerte y resurrecci\u00f3n de Jes\u00fas, en estos lugares, transformar\u00e1 el miedo en fuerza para construir la paz.<\/p>\n<p><strong>3.<\/strong> Como signo prof\u00e9tico de nuestra Iglesia, <strong>las eucarist\u00edas del d\u00eda 31 de julio pidamos por los victimarios, oremos por sus vidas y la conversi\u00f3n de sus corazones, tendamos la mano para recibirlos con el coraz\u00f3n arrepentido a la casa de Dios.<\/strong> Ellos tambi\u00e9n son nuestros hermanos y necesitan de nuestra oraci\u00f3n. No m\u00e1s violencia en nuestro pa\u00eds.<\/p>\n<p><strong>4.Cada Di\u00f3cesis, Congregaci\u00f3n Religiosa o Parroquia, definir\u00e1 las acciones a emprender para abonar a este camino para la paz, como son horas santas, procesiones por la paz, mensajes al pueblo de Dios.<\/strong> Hoy necesitamos historias de esperanza, im\u00e1genes donde veamos a la comunidad orando y pidiendo por la paz. Les pedimos difundir sus acciones en las redes sociales.<\/p>\n<p>Finalmente, se\u00f1ala la invitaci\u00f3n:<\/p>\n<p>\u201cNuestra apuesta es por el di\u00e1logo social para construir un camino de justicia y reconciliaci\u00f3n que nos lleve a la paz. Queremos abrir horizontes de di\u00e1logo para construir la paz. Estamos delante de un problema complejo que necesita de todos y todas para atenderlo desde la ra\u00edz y as\u00ed dejar que el Cristo Resucitado haga surgir una nueva mirada que permita construir los acuerdos que hoy M\u00e9xico necesita\u201d.<\/p>\n<p>#IglesiaDeM\u00e9xico<\/p>\n","protected":false},"excerpt":{"rendered":"<p>Por: Juan Pablo V\u00e1zquez Rodr\u00edguez Monterrey, N.L. (www.pastoralsiglo21.org).- 5 de julio del 2022 Ante los asesinatos y desapariciones que diariamente se cometen en el pa\u00eds los<span class=\"excerpt-hellip\"> [\u2026]<\/span><\/p>\n","protected":false},"author":1,"featured_media":15793,"comment_status":"closed","ping_status":"closed","sticky":false,"template":"","format":"standard","meta":[],"categories":[110,14],"tags":[],"_links":{"self":[{"href":"https:\/\/www.arquidiocesismty.org\/arquimty\/wp-json\/wp\/v2\/posts\/15791"}],"collection":[{"href":"https:\/\/www.arquidiocesismty.org\/arquimty\/wp-json\/wp\/v2\/posts"}],"about":[{"href":"https:\/\/www.arquidiocesismty.org\/arquimty\/wp-json\/wp\/v2\/types\/post"}],"author":[{"embeddable":true,"href":"https:\/\/www.arquidiocesismty.org\/arquimty\/wp-json\/wp\/v2\/users\/1"}],"replies":[{"embeddable":true,"href":"https:\/\/www.arquidiocesismty.org\/arquimty\/wp-json\/wp\/v2\/comments?post=15791"}],"version-history":[{"count":1,"href":"https:\/\/www.arquidiocesismty.org\/arquimty\/wp-json\/wp\/v2\/posts\/15791\/revisions"}],"predecessor-version":[{"id":15792,"href":"https:\/\/www.arquidiocesismty.org\/arquimty\/wp-json\/wp\/v2\/posts\/15791\/revisions\/15792"}],"wp:featuredmedia":[{"embeddable":true,"href":"https:\/\/www.arquidiocesismty.org\/arquimty\/wp-json\/wp\/v2\/media\/15793"}],"wp:attachment":[{"href":"https:\/\/www.arquidiocesismty.org\/arquimty\/wp-json\/wp\/v2\/media?parent=15791"}],"wp:term":[{"taxonomy":"category","embeddable":true,"href":"https:\/\/www.arquidiocesismty.org\/arquimty\/wp-json\/wp\/v2\/categories?post=15791"},{"taxonomy":"post_tag","embeddable":true,"href":"https:\/\/www.arquidiocesismty.org\/arquimty\/wp-json\/wp\/v2\/tags?post=15791"}],"curies":[{"name":"wp","href":"https:\/\/api.w.org\/{rel}","templated":true}]}}