{"id":15755,"date":"2022-06-23T12:05:20","date_gmt":"2022-06-23T12:05:20","guid":{"rendered":"https:\/\/www.arquidiocesismty.org\/arquimty\/?p=15755"},"modified":"2022-06-23T14:47:25","modified_gmt":"2022-06-23T19:47:25","slug":"ante-la-creciente-violencia-del-pais-y-estrategias-fallidas-obispos-hacen-llamado-al-gobierno-federal-y-demas-autoridades","status":"publish","type":"post","link":"https:\/\/www.arquidiocesismty.org\/arquimty\/ante-la-creciente-violencia-del-pais-y-estrategias-fallidas-obispos-hacen-llamado-al-gobierno-federal-y-demas-autoridades\/","title":{"rendered":"ANTE LA CRECIENTE VIOLENCIA DEL PA\u00cdS Y ESTRATEGIAS FALLIDAS, OBISPOS HACEN LLAMADO AL GOBIERNO FEDERAL Y DEM\u00c1S AUTORIDADES"},"content":{"rendered":"<p><em>Por: Juan Pablo V\u00e1zquez Rodr\u00edguez <\/em><br \/>\n<em>Monterrey, N.L. (www.pastoralsiglo21.org).- 23 de junio del 2022<\/em><\/p>\n<p><strong>Ante la creciente violencia que sufre el pa\u00eds los Obispo de M\u00e9xico realizaron un llamado al Gobierno Federal y a los distintos niveles de autoridades para revisar las estrategias de seguridad que est\u00e1n fracasando.<\/strong><\/p>\n<p>Es el mensaje los obispos llaman a las autoridades a <strong>\u201cescuchar a la ciudadan\u00eda, a las voces de miles de familiares de las v\u00edctimas, de asesinados y desaparecidos, a los cuerpos policiacos maltratados por el crimen\u2026 a los acad\u00e9micos e investigadores, a las denuncias de los medios de comunicaci\u00f3n, a todas las fuerzas pol\u00edticas, a la sociedad civil y a las asociaciones religiosas.\u201d<\/strong><\/p>\n<p>\u201cLos datos oficiales nos hablan de casi 122,000 asesinatos a manos de los criminales durante los tres a\u00f1os y medio. \u00a1Cu\u00e1ntos asesinatos en M\u00e9xico! ha expresado con dolor el Papa Francisco en la Audiencia General del 22 de junio de este a\u00f1o\u201d, se\u00f1ala el documento.<\/p>\n<p>\u201c\u00a1Cu\u00e1nta maldad y desorden social! expresamos nosotros como obispos mexicanos\u201d, se\u00f1ala el documento\u201d, a\u00f1aden los obispos.<\/p>\n<p><a href=\"https:\/\/bit.ly\/3xOXEdp\">Comunicado completo<\/a><\/p>\n","protected":false},"excerpt":{"rendered":"<p>Por: Juan Pablo V\u00e1zquez Rodr\u00edguez Monterrey, N.L. (www.pastoralsiglo21.org).- 23 de junio del 2022 Ante la creciente violencia que sufre el pa\u00eds los Obispo de M\u00e9xico realizaron<span class=\"excerpt-hellip\"> [\u2026]<\/span><\/p>\n","protected":false},"author":1,"featured_media":15757,"comment_status":"closed","ping_status":"closed","sticky":false,"template":"","format":"standard","meta":[],"categories":[110,14],"tags":[],"_links":{"self":[{"href":"https:\/\/www.arquidiocesismty.org\/arquimty\/wp-json\/wp\/v2\/posts\/15755"}],"collection":[{"href":"https:\/\/www.arquidiocesismty.org\/arquimty\/wp-json\/wp\/v2\/posts"}],"about":[{"href":"https:\/\/www.arquidiocesismty.org\/arquimty\/wp-json\/wp\/v2\/types\/post"}],"author":[{"embeddable":true,"href":"https:\/\/www.arquidiocesismty.org\/arquimty\/wp-json\/wp\/v2\/users\/1"}],"replies":[{"embeddable":true,"href":"https:\/\/www.arquidiocesismty.org\/arquimty\/wp-json\/wp\/v2\/comments?post=15755"}],"version-history":[{"count":1,"href":"https:\/\/www.arquidiocesismty.org\/arquimty\/wp-json\/wp\/v2\/posts\/15755\/revisions"}],"predecessor-version":[{"id":15756,"href":"https:\/\/www.arquidiocesismty.org\/arquimty\/wp-json\/wp\/v2\/posts\/15755\/revisions\/15756"}],"wp:featuredmedia":[{"embeddable":true,"href":"https:\/\/www.arquidiocesismty.org\/arquimty\/wp-json\/wp\/v2\/media\/15757"}],"wp:attachment":[{"href":"https:\/\/www.arquidiocesismty.org\/arquimty\/wp-json\/wp\/v2\/media?parent=15755"}],"wp:term":[{"taxonomy":"category","embeddable":true,"href":"https:\/\/www.arquidiocesismty.org\/arquimty\/wp-json\/wp\/v2\/categories?post=15755"},{"taxonomy":"post_tag","embeddable":true,"href":"https:\/\/www.arquidiocesismty.org\/arquimty\/wp-json\/wp\/v2\/tags?post=15755"}],"curies":[{"name":"wp","href":"https:\/\/api.w.org\/{rel}","templated":true}]}}