{"id":15749,"date":"2022-06-22T11:45:00","date_gmt":"2022-06-22T11:45:00","guid":{"rendered":"https:\/\/www.arquidiocesismty.org\/arquimty\/?p=15749"},"modified":"2022-06-22T11:59:43","modified_gmt":"2022-06-22T16:59:43","slug":"papa-francisco-envia-condolencias-por-la-muerte-de-sacerdotes-jesuitas-en-mexico-mons-miranda-comparte-el-mensaje","status":"publish","type":"post","link":"https:\/\/www.arquidiocesismty.org\/arquimty\/papa-francisco-envia-condolencias-por-la-muerte-de-sacerdotes-jesuitas-en-mexico-mons-miranda-comparte-el-mensaje\/","title":{"rendered":"PAPA FRANCISCO ENV\u00cdA CONDOLENCIAS POR LA MUERTE DE SACERDOTES JESUITAS EN M\u00c9XICO, MONS. MIRANDA COMPARTE EL MENSAJE"},"content":{"rendered":"<p><em>Por: Debany Vald\u00e9s<\/em><br \/>\n<em>Monterrey, N.L. (www.pastoralsiglo21.org).- 22 de junio del 2022<\/em><\/p>\n<p><strong>El Papa Francisco en la audiencia general del d\u00eda de hoy en Roma, extern\u00f3 sus condolencias por la muerte de los dos sacerdotes jesuitas, Javier Campos SJ y Joaqu\u00edn Mora SJ asesinados hace unos d\u00edas en la Sierra Tarahumara en Chihuahua.<\/strong><\/p>\n<p>A trav\u00e9s de un video en redes sociales, Mons. Alfonso Miranda, obispo auxiliar de Monterrey, inform\u00f3 desde Roma, sobre el mensaje que dio Santo Padre, el cual tambi\u00e9n comparti\u00f3 a trav\u00e9s de Twitter:<\/p>\n<p><strong>\u201cExpreso mi dolor y consternaci\u00f3n por el asesinato en #M\u00e9xico, anteayer, de dos religiosos jesuitas y de un laico. \u00a1Cu\u00e1ntos asesinatos en M\u00e9xico! La violencia no resuelve los problemas, sino que solo aumenta los sufrimientos innecesarios\u201d.<\/strong><\/p>\n<p>Por su parte, <strong>Mons. Miranda expres\u00f3 su dolor ante los hechos<\/strong>, por la muerte de los sacerdotes y de la persona que buscaba refugio y comparti\u00f3 su acompa\u00f1amiento y abrazo en oraci\u00f3n para todo M\u00e9xico:<\/p>\n<p><strong>\u201cQue la sangre de estos hermanos sacerdotes sea semilla de paz, que su muerte sea una contribuci\u00f3n al cese de la violencia y que podamos alcanzar juntos la paz que tanto anhelamos y que tanto necesitamos en nuestro Pa\u00eds. Dios los bendiga, Dios nos bendiga\u201d.<\/strong><\/p>\n<p>Hace unos d\u00edas, Mons. Miranda, responsable de la dimensi\u00f3n Familia en M\u00e9xico, tuvo un encuentro con el Papa Francisco debido a su visita a Roma para vivir el X Encuentro Mundial de las Familias<\/p>\n","protected":false},"excerpt":{"rendered":"<p>Por: Debany Vald\u00e9s Monterrey, N.L. (www.pastoralsiglo21.org).- 22 de junio del 2022 El Papa Francisco en la audiencia general del d\u00eda de hoy en Roma, extern\u00f3 sus<span class=\"excerpt-hellip\"> [\u2026]<\/span><\/p>\n","protected":false},"author":1,"featured_media":15751,"comment_status":"closed","ping_status":"closed","sticky":false,"template":"","format":"standard","meta":[],"categories":[112,14],"tags":[],"_links":{"self":[{"href":"https:\/\/www.arquidiocesismty.org\/arquimty\/wp-json\/wp\/v2\/posts\/15749"}],"collection":[{"href":"https:\/\/www.arquidiocesismty.org\/arquimty\/wp-json\/wp\/v2\/posts"}],"about":[{"href":"https:\/\/www.arquidiocesismty.org\/arquimty\/wp-json\/wp\/v2\/types\/post"}],"author":[{"embeddable":true,"href":"https:\/\/www.arquidiocesismty.org\/arquimty\/wp-json\/wp\/v2\/users\/1"}],"replies":[{"embeddable":true,"href":"https:\/\/www.arquidiocesismty.org\/arquimty\/wp-json\/wp\/v2\/comments?post=15749"}],"version-history":[{"count":1,"href":"https:\/\/www.arquidiocesismty.org\/arquimty\/wp-json\/wp\/v2\/posts\/15749\/revisions"}],"predecessor-version":[{"id":15750,"href":"https:\/\/www.arquidiocesismty.org\/arquimty\/wp-json\/wp\/v2\/posts\/15749\/revisions\/15750"}],"wp:featuredmedia":[{"embeddable":true,"href":"https:\/\/www.arquidiocesismty.org\/arquimty\/wp-json\/wp\/v2\/media\/15751"}],"wp:attachment":[{"href":"https:\/\/www.arquidiocesismty.org\/arquimty\/wp-json\/wp\/v2\/media?parent=15749"}],"wp:term":[{"taxonomy":"category","embeddable":true,"href":"https:\/\/www.arquidiocesismty.org\/arquimty\/wp-json\/wp\/v2\/categories?post=15749"},{"taxonomy":"post_tag","embeddable":true,"href":"https:\/\/www.arquidiocesismty.org\/arquimty\/wp-json\/wp\/v2\/tags?post=15749"}],"curies":[{"name":"wp","href":"https:\/\/api.w.org\/{rel}","templated":true}]}}