{"id":15740,"date":"2022-06-21T09:45:51","date_gmt":"2022-06-21T09:45:51","guid":{"rendered":"https:\/\/www.arquidiocesismty.org\/arquimty\/?p=15740"},"modified":"2022-06-21T09:55:35","modified_gmt":"2022-06-21T14:55:35","slug":"mexico-asesinan-a-dos-sacerdotes-tras-defender-a-un-hombre-que-buscaba-refugio","status":"publish","type":"post","link":"https:\/\/www.arquidiocesismty.org\/arquimty\/mexico-asesinan-a-dos-sacerdotes-tras-defender-a-un-hombre-que-buscaba-refugio\/","title":{"rendered":"M\u00c9XICO: ASESINAN A DOS SACERDOTES TRAS DEFENDER A UN HOMBRE QUE BUSCABA REFUGIO"},"content":{"rendered":"<p><em>Por: Juan Pablo V\u00e1zquez Rodr\u00edguez <\/em><br \/>\n<em>Monterrey, N.L. (www.pastoralsiglo21.org).- 19 de junio del 2022<\/em><\/p>\n<p><strong>La tarde de este 20 de junio, fueron asesinados los jesuitas Javier Campos y Joaqu\u00edn Mora, en Cerocahui, Tarahumara, M\u00e9xico, \u201cluego de intentar defender a un hombre que buscaba refugio en el templo y que era perseguido por una persona armada\u201d.<\/strong><\/p>\n<p>\u201cCon profundo dolor e indignaci\u00f3n les informo que este 20 de junio por la tarde, en Cerocahui, Tarahumara, los padres Javier Campos, SJ, y Joaqu\u00edn Mora, SJ, fueron asesinados\u201d, lo escribe el Padre Luis Gerardo Moro Madrid, SJ, Prep\u00f3sito Provincial de la Compa\u00f1\u00eda de Jes\u00fas en M\u00e9xico, en un mensaje en el cual explica que los dos religiosos fueron asesinados \u201cen el contexto de violencia que vive este pa\u00eds, luego de intentar defender a un hombre que buscaba refugio en el templo y que era perseguido por una persona armada\u201d.<\/p>\n<p><strong>Preocupaci\u00f3n por los jesuitas en M\u00e9xico<\/strong><\/p>\n<p>Asimismo, el Prep\u00f3sito Provincial de M\u00e9xico manifiesta su preocupaci\u00f3n por la dram\u00e1tica situaci\u00f3n de violencia que se vive en el pa\u00eds y por la inseguridad que afecta a los miembros de la Compa\u00f1\u00eda de Jes\u00fas, por ello se\u00f1ala que, \u201cen este momento estamos gestionando ante las autoridades federales y estatales la seguridad de nuestros hermanos jesuitas Esteban Cornejo, SJ, Jes\u00fas Reyes, SJ, y Jes\u00fas Zaglul, SJ, y del equipo pastoral de la parroquia\u201d.<\/p>\n<p>En un comunicado publicado este martes 21 de junio, a nombre de la provincia Mexicana de la Compa\u00f1\u00eda de Jes\u00fas se\u00f1alan.<\/p>\n<p><strong>\u201cHechos como estos no son aislados. la sierra tarahumara, como muchas otras regiones del pa\u00eds, enfrenta condiciones de violencia y olvido que no han sido revertidas. Todos los d\u00edas hombres y mujeres son privados arbitrariamente de la vida, como hoy fueron asesinados nuestros hermanos, Los jesuitas de M\u00e9xico no callaremos ante la realidad que lacera a toda la sociedad\u201d.<\/strong><\/p>\n<p><strong>\u201cSeguiremos presentes y trabajando por la misi\u00f3n de justicia, reconciliaci\u00f3n y paz, a trav\u00e9s de nuestras obras pastorales, educativas y sociales\u201d.<\/strong><\/p>\n<p>El Prep\u00f3sito General de la Compa\u00f1\u00eda de Jes\u00fas, Padre Arturo Sosa, tambi\u00e9n expres\u00f3 su dolor al enterarse del asesinato de los jesuitas en M\u00e9xico: &#8220;Estoy conmocionado y triste por esta noticia. Mis pensamientos y oraciones est\u00e1n con los jesuitas en M\u00e9xico y con las familias de los hombres. Tenemos que poner fin a la violencia en nuestro mundo y a tanto sufrimiento innecesario&#8221;.<\/p>\n","protected":false},"excerpt":{"rendered":"<p>Por: Juan Pablo V\u00e1zquez Rodr\u00edguez Monterrey, N.L. (www.pastoralsiglo21.org).- 19 de junio del 2022 La tarde de este 20 de junio, fueron asesinados los jesuitas Javier Campos<span class=\"excerpt-hellip\"> [\u2026]<\/span><\/p>\n","protected":false},"author":1,"featured_media":15742,"comment_status":"closed","ping_status":"closed","sticky":false,"template":"","format":"standard","meta":[],"categories":[110,14],"tags":[],"_links":{"self":[{"href":"https:\/\/www.arquidiocesismty.org\/arquimty\/wp-json\/wp\/v2\/posts\/15740"}],"collection":[{"href":"https:\/\/www.arquidiocesismty.org\/arquimty\/wp-json\/wp\/v2\/posts"}],"about":[{"href":"https:\/\/www.arquidiocesismty.org\/arquimty\/wp-json\/wp\/v2\/types\/post"}],"author":[{"embeddable":true,"href":"https:\/\/www.arquidiocesismty.org\/arquimty\/wp-json\/wp\/v2\/users\/1"}],"replies":[{"embeddable":true,"href":"https:\/\/www.arquidiocesismty.org\/arquimty\/wp-json\/wp\/v2\/comments?post=15740"}],"version-history":[{"count":1,"href":"https:\/\/www.arquidiocesismty.org\/arquimty\/wp-json\/wp\/v2\/posts\/15740\/revisions"}],"predecessor-version":[{"id":15741,"href":"https:\/\/www.arquidiocesismty.org\/arquimty\/wp-json\/wp\/v2\/posts\/15740\/revisions\/15741"}],"wp:featuredmedia":[{"embeddable":true,"href":"https:\/\/www.arquidiocesismty.org\/arquimty\/wp-json\/wp\/v2\/media\/15742"}],"wp:attachment":[{"href":"https:\/\/www.arquidiocesismty.org\/arquimty\/wp-json\/wp\/v2\/media?parent=15740"}],"wp:term":[{"taxonomy":"category","embeddable":true,"href":"https:\/\/www.arquidiocesismty.org\/arquimty\/wp-json\/wp\/v2\/categories?post=15740"},{"taxonomy":"post_tag","embeddable":true,"href":"https:\/\/www.arquidiocesismty.org\/arquimty\/wp-json\/wp\/v2\/tags?post=15740"}],"curies":[{"name":"wp","href":"https:\/\/api.w.org\/{rel}","templated":true}]}}