{"id":15700,"date":"2022-06-08T15:05:48","date_gmt":"2022-06-08T15:05:48","guid":{"rendered":"https:\/\/www.arquidiocesismty.org\/arquimty\/?p=15700"},"modified":"2022-06-08T15:27:57","modified_gmt":"2022-06-08T20:27:57","slug":"celebran-misa-para-finalizar-reunion-de-sacerdotes-y-obispos-de-la-provincia-de-monterrey","status":"publish","type":"post","link":"https:\/\/www.arquidiocesismty.org\/arquimty\/celebran-misa-para-finalizar-reunion-de-sacerdotes-y-obispos-de-la-provincia-de-monterrey\/","title":{"rendered":"CELEBRAN MISA PARA FINALIZAR REUNI\u00d3N DE SACERDOTES Y OBISPOS DE LA PROVINCIA DE MONTERREY"},"content":{"rendered":"<p><em><strong>Por: Debany Vald\u00e9s<\/strong><\/em><br \/>\n<em><strong>Monterrey, N.L. (www.pastoralsiglo21.org).- 08 de junio del 2022<\/strong><\/em><\/p>\n<h4>\u201c??????? ??????????? ???? ?????????, ??????? ??????? ???? ?????, ??????? ??????????? ???? ????\u201d.<\/h4>\n<p><strong>La ma\u00f1ana de este mi\u00e9rcoles 8 de junio, concluy\u00f3 la reuni\u00f3n de la provincia eclesi\u00e1stica de Monterrey, con una misa de acci\u00f3n de gracias presidida por Mons. Rogelio Cabrera L\u00f3pez, en la Catedral del Esp\u00edritu Santo, en Nuevo Laredo.<\/strong><\/p>\n<p>En este encuentro han participado todos los Obispos y algunos miembros del presbiterio de las 8 di\u00f3cesis que comprende esta provincia que corresponde al norte del pa\u00eds: Piedras Negras, Saltillo, Linares, Nuevo Laredo, Matamoros, Cd. Victoria, Tampico y Monterrey.<\/p>\n<p><strong>El Arzobispo de Monterrey al inicio de su homil\u00eda en esta celebraci\u00f3n de clausura resalt\u00f3 el tema que condujo totalmente este encuentro \u00abHombres pero consagrados\u00bb<\/strong> y se\u00f1al\u00f3: \u201cese pero -que incluye el tema- no es adversativo, es enf\u00e1tico, es decir, somos verdaderos seres humanos pero, adem\u00e1s, Dios nos ha regalado la unci\u00f3n, la consagraci\u00f3n\u201d.<\/p>\n<p>Destac\u00f3 la importancia recordar la humanidad a la que los sacerdotes y hermanos de la vida consagrada pertenecen, pero sin olvidar \u201cese plus de inmensa riqueza, que en la generosidad del Se\u00f1or\u201d han recibido.<\/p>\n<p><strong>\u201cSomos humanos, limitados, fr\u00e1giles, pecadores, inconsistentes con todo eso que es nuestra realidad humana, a pesar de eso Dios no ha renunciado a su proyecto original\u201d y agreg\u00f3 \u201cpero al mismo tiempo el Se\u00f1or nos llam\u00f3 a hacerlo presente a \u00c9l de modo sacramental, de tal manera que nosotros somos imagen y semejanza de Cristo\u201d.<\/strong><\/p>\n<p>Al respecto del Evangelio de este d\u00eda, en el que Jes\u00fas habla del cumplimiento de la ley, Don Rogelio destac\u00f3 que en resumen, los mandamientos, los cuales no son restrictivos sino indicativos, nos llevan a amar y dar la vida por los dem\u00e1s:<\/p>\n<p><strong>\u201cIncursionen, sigan en la ruta cada mandamiento y ver\u00e1n c\u00f3mo cada mandamiento es para llevarnos a amar, para llevarnos a respetar, para dignificarnos, hombres pero consagrados\u201d.<\/strong><\/p>\n<p>\u201cHermanos sacerdotes tenemos un desaf\u00edo muy grande en estos momentos y que nos supera y es la deuda moral y \u00e9tica que tenemos los cl\u00e9rigos frente a la sociedad. Yo no digo que vamos a ser perfectos, que vamos a ser impecables, no, pero s\u00ed humanos; cuando t\u00fa entiendes tu propia fragilidad, entiendes tambi\u00e9n la fragilidad ajena, no somos sensores de humanidad\u201d.<\/p>\n<p>En cuanto a la fraternidad y el acompa\u00f1amiento, mencion\u00f3:<br \/>\n\u201cAyud\u00e9monos mutuamente, porque esta meta nadie la alcanza solo\u201d &#8230; \u201dTenemos que ayudarnos para ayudar, presbiterio fraterno cuyo \u00fanico mapa de recorrido tiene que ser el amor instruido por la Tor\u00e1\u201d.<\/p>\n<p>Antes de finalizar la Santa Misa, el tambi\u00e9n presidente de la CEM coment\u00f3: \u201cAgradezco la presencia de ustedes hermanos sacerdotes en este encuentro sacerdotal de provincia, agradecemos a esta comunidad diocesana de Nuevo Laredo, a su obispo mi hermano Enrique, a ustedes los presb\u00edteros de esta Iglesia, a todos los fieles que de una o de otra manera nos han acompa\u00f1ado con su oraci\u00f3n, con su afecto, con su ayuda. Que Dios siempre nos bendiga y nos d\u00e9 \u00e1nimo en esta etapa crucial de nuestra Iglesia\u201d.<\/p>\n<p><strong>Mons. Enrique S\u00e1nchez Martinez, obispo de la di\u00f3cesis de Nuevo Laredo<\/strong>, sede de este encuentro, extendi\u00f3 un mensaje de agradecimiento a todos los presb\u00edteros y obispos que han participado en este encuentro:<\/p>\n<p><strong>\u201cNo solo es un signo de comuni\u00f3n, de fraternidad sino que es un fortalecimiento para nosotros que en la misi\u00f3n estamos todos juntos, que su presencia nos fortalece para seguir adelante y anunciando la buena nueva aqu\u00ed en nuestra Iglesia de Nuevo Laredo\u201d.<\/strong><\/p>\n<p>Sigamos orando por todos nuestros pastores, para que sigan gui\u00e1ndonos por el camino del amor y La Paz, y alcanzar el Reino de los Cielos.<\/p>\n","protected":false},"excerpt":{"rendered":"<p>Por: Debany Vald\u00e9s Monterrey, N.L. (www.pastoralsiglo21.org).- 08 de junio del 2022 \u201c??????? ??????????? ???? ?????????, ??????? ??????? ???? ?????, ??????? ??????????? ???? ????\u201d. La ma\u00f1ana de<span class=\"excerpt-hellip\"> [\u2026]<\/span><\/p>\n","protected":false},"author":1,"featured_media":15702,"comment_status":"closed","ping_status":"closed","sticky":false,"template":"","format":"standard","meta":[],"categories":[110,14],"tags":[],"_links":{"self":[{"href":"https:\/\/www.arquidiocesismty.org\/arquimty\/wp-json\/wp\/v2\/posts\/15700"}],"collection":[{"href":"https:\/\/www.arquidiocesismty.org\/arquimty\/wp-json\/wp\/v2\/posts"}],"about":[{"href":"https:\/\/www.arquidiocesismty.org\/arquimty\/wp-json\/wp\/v2\/types\/post"}],"author":[{"embeddable":true,"href":"https:\/\/www.arquidiocesismty.org\/arquimty\/wp-json\/wp\/v2\/users\/1"}],"replies":[{"embeddable":true,"href":"https:\/\/www.arquidiocesismty.org\/arquimty\/wp-json\/wp\/v2\/comments?post=15700"}],"version-history":[{"count":1,"href":"https:\/\/www.arquidiocesismty.org\/arquimty\/wp-json\/wp\/v2\/posts\/15700\/revisions"}],"predecessor-version":[{"id":15701,"href":"https:\/\/www.arquidiocesismty.org\/arquimty\/wp-json\/wp\/v2\/posts\/15700\/revisions\/15701"}],"wp:featuredmedia":[{"embeddable":true,"href":"https:\/\/www.arquidiocesismty.org\/arquimty\/wp-json\/wp\/v2\/media\/15702"}],"wp:attachment":[{"href":"https:\/\/www.arquidiocesismty.org\/arquimty\/wp-json\/wp\/v2\/media?parent=15700"}],"wp:term":[{"taxonomy":"category","embeddable":true,"href":"https:\/\/www.arquidiocesismty.org\/arquimty\/wp-json\/wp\/v2\/categories?post=15700"},{"taxonomy":"post_tag","embeddable":true,"href":"https:\/\/www.arquidiocesismty.org\/arquimty\/wp-json\/wp\/v2\/tags?post=15700"}],"curies":[{"name":"wp","href":"https:\/\/api.w.org\/{rel}","templated":true}]}}