{"id":1567,"date":"2017-06-27T16:32:43","date_gmt":"2017-06-27T21:32:43","guid":{"rendered":"https:\/\/www.arquidiocesismty.org\/arquimty\/?p=1567"},"modified":"2017-10-18T17:05:22","modified_gmt":"2017-10-18T22:05:22","slug":"virgen-de-san-juan-de-los-lagos-visitara-monterrey","status":"publish","type":"post","link":"https:\/\/www.arquidiocesismty.org\/arquimty\/virgen-de-san-juan-de-los-lagos-visitara-monterrey\/","title":{"rendered":"Virgen de San Juan de los Lagos Visitar\u00e1 Monterrey"},"content":{"rendered":"<p>A partir de ma\u00f1ana, podr\u00e1s visitar a la Virgen de San Juan de los Lagos, en su paso por nuestra ciudad. A continuaci\u00f3n te dejamos los lugares donde podr\u00e1s verla:<\/p>\n<p>ITINERARIO QUE SEGUIR\u00c1 LA IMAGEN:<\/p>\n<p>MI\u00c9RCOLES 28 DE JUNIO<br \/>\n&#8211; Parroquia de F\u00e1tima, en San Pedro, a las 13:00 horas<br \/>\n&#8211; Parroquia de San Juan de los Lagos, en Guadalupe, a las 19:00 horas<\/p>\n<p>JUEVES 29 DE JUNIO<br \/>\n&#8211; Parroquia de San Juan de los Lagos, en Solidaridad, Escobedo, a las 19:00 horas<\/p>\n<p>VIERNES 30 DE JUNIO<br \/>\n&#8211; Parroquia de San Juan de los Lagos, en San Nicol\u00e1s de los Garza, a las 19:00 horas<\/p>\n<p>S\u00c1BADO 1 DE JULIO<br \/>\n&#8211; Parroquia de San Juan de los Lagos, en Benito Ju\u00e1rez, a las 11:00 horas<br \/>\n&#8211; Parroquia de San Juan de los Lagos, en la Col. Mart\u00ednez, en Monterrey, a las 19:00 horas. A las 2:00 am del domingo misa por las causas dif\u00edciles presidida por nuestro Arzobispo Mons. Rogelio Cabrera L\u00f3pez<\/p>\n<p>DOMINGO 2 DE JULIO<br \/>\n&#8211; Parroquia\u00a0Santa Catarina M\u00e1rtir, en Santa Catarina, a las 18:00 horas<\/p>\n<p>LUNES 3 DE JULIO<br \/>\n&#8211; Parroquia de San Juan de los Lagos en la Col. Los Altos en Monterrey, a las 11:00 horas.<\/p>\n<p>Te invitamos a estar pendiente de nuestras redes sociales, para cualquier informaci\u00f3n extra. Para ver las direcciones de las parroquias consulta la app &#8220;donde hay misa&#8221; o la p\u00e1gina <a href=\"http:\/\/dondehaymisa.com\/\" target=\"_blank\" rel=\"noopener noreferrer\">dondehaymisa.com<\/a>.<\/p>\n","protected":false},"excerpt":{"rendered":"<p>A partir de ma\u00f1ana, podr\u00e1s visitar a la Virgen de San Juan de los Lagos, en su paso por nuestra ciudad. A continuaci\u00f3n te dejamos los<span class=\"excerpt-hellip\"> [\u2026]<\/span><\/p>\n","protected":false},"author":5,"featured_media":1568,"comment_status":"open","ping_status":"open","sticky":false,"template":"","format":"standard","meta":[],"categories":[14],"tags":[],"_links":{"self":[{"href":"https:\/\/www.arquidiocesismty.org\/arquimty\/wp-json\/wp\/v2\/posts\/1567"}],"collection":[{"href":"https:\/\/www.arquidiocesismty.org\/arquimty\/wp-json\/wp\/v2\/posts"}],"about":[{"href":"https:\/\/www.arquidiocesismty.org\/arquimty\/wp-json\/wp\/v2\/types\/post"}],"author":[{"embeddable":true,"href":"https:\/\/www.arquidiocesismty.org\/arquimty\/wp-json\/wp\/v2\/users\/5"}],"replies":[{"embeddable":true,"href":"https:\/\/www.arquidiocesismty.org\/arquimty\/wp-json\/wp\/v2\/comments?post=1567"}],"version-history":[{"count":5,"href":"https:\/\/www.arquidiocesismty.org\/arquimty\/wp-json\/wp\/v2\/posts\/1567\/revisions"}],"predecessor-version":[{"id":2781,"href":"https:\/\/www.arquidiocesismty.org\/arquimty\/wp-json\/wp\/v2\/posts\/1567\/revisions\/2781"}],"wp:featuredmedia":[{"embeddable":true,"href":"https:\/\/www.arquidiocesismty.org\/arquimty\/wp-json\/wp\/v2\/media\/1568"}],"wp:attachment":[{"href":"https:\/\/www.arquidiocesismty.org\/arquimty\/wp-json\/wp\/v2\/media?parent=1567"}],"wp:term":[{"taxonomy":"category","embeddable":true,"href":"https:\/\/www.arquidiocesismty.org\/arquimty\/wp-json\/wp\/v2\/categories?post=1567"},{"taxonomy":"post_tag","embeddable":true,"href":"https:\/\/www.arquidiocesismty.org\/arquimty\/wp-json\/wp\/v2\/tags?post=1567"}],"curies":[{"name":"wp","href":"https:\/\/api.w.org\/{rel}","templated":true}]}}