{"id":15606,"date":"2022-04-26T11:45:49","date_gmt":"2022-04-26T11:45:49","guid":{"rendered":"https:\/\/www.arquidiocesismty.org\/arquimty\/?p=15606"},"modified":"2022-04-26T11:45:54","modified_gmt":"2022-04-26T16:45:54","slug":"mirando-al-resucitado-la-muerte-es-vencida-y-tenemos-esperanza-arzobispo-de-monterrey","status":"publish","type":"post","link":"https:\/\/www.arquidiocesismty.org\/arquimty\/mirando-al-resucitado-la-muerte-es-vencida-y-tenemos-esperanza-arzobispo-de-monterrey\/","title":{"rendered":"\u201cMIRANDO AL RESUCITADO LA MUERTE ES VENCIDA Y TENEMOS ESPERANZA\u201d, ARZOBISPO DE MONTERREY"},"content":{"rendered":"<p><em>Por: Juan Pablo V\u00e1zquez Rodr\u00edguez<\/em><br \/>\n<em>Monterrey, N.L. (www.pastoralsiglo21.org).- 26 de abril del 2022<\/em><\/p>\n<p><strong>En torno al Primer Encuentro Eclesial de M\u00e9xico, se llev\u00f3 a cabo el segundo d\u00eda de actividades, iniciando con la celebraci\u00f3n de la Santa Misa, presidida por el Arzobispo de Monterrey y Presidente de la Conferencia del Episcopado Mexicano Mons. Rogelio Cabrera L\u00f3pez.<\/strong><\/p>\n<p>\u201cNuestro Encuentro Eclesial es primero un encuentro con el Se\u00f1or. Hoy la Palabra de Dios nos pide superar la horizontalidad, mirar desde lo alto, renacer, volver a donde el Se\u00f1or ha querido destinarnos, al cielo\u201d, apunt\u00f3 Mons. Rogelio.<\/p>\n<p>El Presidente de la Conferencia del Episcopado, invit\u00f3 a mirar y encontrarnos con los dem\u00e1s desde Cristo:<\/p>\n<p><strong>\u201cLos encuentros con el Se\u00f1or dignifican, porque siempre son encuentros a partir del amor de Cristo con la humanidad; Cristo ama a sus ap\u00f3stoles, Cristo ama a Nicodemo, Cristo ama a la Samaritana, ama a aquel ciego de nacimiento, ama a la familia de L\u00e1zaro, as\u00ed tiene que ser nuestro Encuentro Eclesial, un encuentro con el Resucitado, un encuentro en la Eucarist\u00eda y luego el encuentro entre nosotros\u201d.<\/strong><\/p>\n<p>Adem\u00e1s, el Arzobispo de Monterrey, invit\u00f3 a ver la realidad terrenal actual, pero sin dejar de ver a Dios.<\/p>\n<p>\u201cDurante este encuentro eclesial hablaremos de nuestros problemas, de nuestras necesidades, de nuestras esperanzas, de nuestros sue\u00f1os, cuantos dolores, cuanto llanto, pero al mismo tiempo cuanta alegr\u00eda se respira en M\u00e9xico, hemos atravesado por una pandemia en M\u00e9xico, en la que hemos sentido la dureza de los problemas: la violencia, el hambre, la enfermedad, pero en este encuentro, sin olvidar esta realidad, queremos renacer, nacer de lo alto\u201d.<\/p>\n<p>Finalmente, a\u00f1adi\u00f3: <strong>\u201cNecesitamos que ustedes hermanas y hermanos fieles laicos asuman sus compromisos bautismales, necesitamos que ustedes las consagradas, los consagrados nos recuerden nuestro fin escatol\u00f3gico, necesitamos que ustedes hermanos sacerdotes compartan con nosotros el gozo de la Resurrecci\u00f3n, pero tambi\u00e9n que con nosotros, carguemos junto con el pueblo la cruz del sufrimiento, solo as\u00ed es posible nacer de nuevo, nacer de lo alto, nacer del agua y del Esp\u00edritu\u201d.<\/strong><\/p>\n<p>#EncuentroEclesialDeM\u00e9xico<br \/>\n#IglesiaDeM\u00e9xico<\/p>\n","protected":false},"excerpt":{"rendered":"<p>Por: Juan Pablo V\u00e1zquez Rodr\u00edguez Monterrey, N.L. (www.pastoralsiglo21.org).- 26 de abril del 2022 En torno al Primer Encuentro Eclesial de M\u00e9xico, se llev\u00f3 a cabo el<span class=\"excerpt-hellip\"> [\u2026]<\/span><\/p>\n","protected":false},"author":1,"featured_media":15608,"comment_status":"closed","ping_status":"closed","sticky":false,"template":"","format":"standard","meta":[],"categories":[110,14],"tags":[],"_links":{"self":[{"href":"https:\/\/www.arquidiocesismty.org\/arquimty\/wp-json\/wp\/v2\/posts\/15606"}],"collection":[{"href":"https:\/\/www.arquidiocesismty.org\/arquimty\/wp-json\/wp\/v2\/posts"}],"about":[{"href":"https:\/\/www.arquidiocesismty.org\/arquimty\/wp-json\/wp\/v2\/types\/post"}],"author":[{"embeddable":true,"href":"https:\/\/www.arquidiocesismty.org\/arquimty\/wp-json\/wp\/v2\/users\/1"}],"replies":[{"embeddable":true,"href":"https:\/\/www.arquidiocesismty.org\/arquimty\/wp-json\/wp\/v2\/comments?post=15606"}],"version-history":[{"count":1,"href":"https:\/\/www.arquidiocesismty.org\/arquimty\/wp-json\/wp\/v2\/posts\/15606\/revisions"}],"predecessor-version":[{"id":15607,"href":"https:\/\/www.arquidiocesismty.org\/arquimty\/wp-json\/wp\/v2\/posts\/15606\/revisions\/15607"}],"wp:featuredmedia":[{"embeddable":true,"href":"https:\/\/www.arquidiocesismty.org\/arquimty\/wp-json\/wp\/v2\/media\/15608"}],"wp:attachment":[{"href":"https:\/\/www.arquidiocesismty.org\/arquimty\/wp-json\/wp\/v2\/media?parent=15606"}],"wp:term":[{"taxonomy":"category","embeddable":true,"href":"https:\/\/www.arquidiocesismty.org\/arquimty\/wp-json\/wp\/v2\/categories?post=15606"},{"taxonomy":"post_tag","embeddable":true,"href":"https:\/\/www.arquidiocesismty.org\/arquimty\/wp-json\/wp\/v2\/tags?post=15606"}],"curies":[{"name":"wp","href":"https:\/\/api.w.org\/{rel}","templated":true}]}}