{"id":15600,"date":"2022-04-24T12:15:38","date_gmt":"2022-04-24T12:15:38","guid":{"rendered":"https:\/\/www.arquidiocesismty.org\/arquimty\/?p=15600"},"modified":"2022-04-25T14:58:54","modified_gmt":"2022-04-25T19:58:54","slug":"arzobispo-manifiesta-solidaridad-con-familias-de-debanhi-y-maria-fernanda-y-pide-a-todos-comprometernos-en-la-seguridad-y-unidad-familiar","status":"publish","type":"post","link":"https:\/\/www.arquidiocesismty.org\/arquimty\/arzobispo-manifiesta-solidaridad-con-familias-de-debanhi-y-maria-fernanda-y-pide-a-todos-comprometernos-en-la-seguridad-y-unidad-familiar\/","title":{"rendered":"ARZOBISPO MANIFIESTA SOLIDARIDAD CON FAMILIAS DE DEBANHI Y MAR\u00cdA FERNANDA Y PIDE A TODOS COMPROMETERNOS EN LA SEGURIDAD Y UNIDAD FAMILIAR"},"content":{"rendered":"<p><em>Por: Juan Pablo V\u00e1zquez Rodr\u00edguez<\/em><br \/>\n<em>Monterrey, N.L. (www.pastoralsiglo21.org).- 24 de abril del 2022<\/em><\/p>\n<p>La ma\u00f1ana de este domingo,<strong> el Arzobispo de Monterrey<\/strong>, en su mensaje dominical por medio de redes sociales <strong>manifest\u00f3 su oraci\u00f3n y anhelo de justicia antes los casos de desapariciones que se han vivido en nuestra sociedad.<\/strong><\/p>\n<p><strong>\u201cComo Pastor de esta Iglesia me uno al sufrimiento de los padres y madres, de los hermanos, hermanas, abuelos y todos los miembros de las familias que transitan el dif\u00edcil camino del dolor y la desesperaci\u00f3n, pidiendo que se haga realidad el anhelo de Justicia ante la desaparici\u00f3n o muerte de sus seres queridos, me refiero de modo especial a Debany y Mar\u00eda Fernanda, a quienes tenemos presente siempre en nuestro coraz\u00f3n y en nuestra oraci\u00f3n\u201d.<\/strong><\/p>\n<p>\u201cNo podemos seguir as\u00ed, es necesario que las autoridades y las instituciones y todos los que integramos esta sociedad, hagamos un verdadero ejercicio de unidad en la responsabilidad que tenemos de procurar el bien com\u00fan de todos los habitantes, particularmente de los m\u00e1s d\u00e9biles, dispong\u00e1monos a realizar acciones concretas particularmente en materia de seguridad, lo que devolver\u00e1 a la sociedad la confianza perdida\u201d.<\/p>\n<p>\u201cLos discursos dan informaci\u00f3n y tal vez algo de consuelo pero el llanto y la impotencia que vive la sociedad no permitir\u00e1 que esas palabras se escuchen, es necesario dar respuestas claras y objetivas, no es posible que pensemos que se puede tranquilizar a una familia sumida en el dolor con una informaci\u00f3n a medias sin aut\u00e9nticos fundamentos\u201d.<\/p>\n<p><strong>\u201cInvit\u00f3 a toda la comunidad que independientemente del credo que profesen, nos unamos en la oraci\u00f3n y en la acci\u00f3n busquemos un mayor acercamiento entre los miembros de la familia, escuch\u00e9monos procuremos procuremos estar al pendiente unos de otros, como vecinos compa\u00f1eros de escuela o de trabajo, cuando tengamos que salir de casa compartamos por medio de las redes sociales de la familia el lugar en donde podamos ser localizados, ninguna acci\u00f3n que procure el cuidado debe ser desechada. Estamos viviendo un tiempo en el que por la gracia de Dios abundan los recursos que nos permiten comunicarnos con facilidad y prontitud aprovechemos lo para bien para cuidarnos unos de otros\u201d.<\/strong><\/p>\n<p>\u201cPor otra parte sabemos las complicaciones que se derivan de situaciones como que estamos viviendo por lo que no se debe dejar pasar m\u00e1s tiempo, a nuestras autoridades siempre con respeto, les pedimos procurar una mejor capacitaci\u00f3n y profesionalizaci\u00f3n de quienes est\u00e1n a cargo de la seguridad y de dar una respuesta ante ese tipo de acciones\u201d.<\/p>\n<p>Finalmente, a\u00f1adi\u00f3: <strong>\u201cA las familias les pido tambi\u00e9n con respeto procurar una mayor integraci\u00f3n y comunicaci\u00f3n con sus hijas. A las instituciones, desde luego tambi\u00e9n a las iglesias, a la nuestra la cat\u00f3lica, saber acompa\u00f1ar y orientar a todos, nos corresponde estar al pendiente de todos\u201d.<\/strong><\/p>\n","protected":false},"excerpt":{"rendered":"<p>Por: Juan Pablo V\u00e1zquez Rodr\u00edguez Monterrey, N.L. (www.pastoralsiglo21.org).- 24 de abril del 2022 La ma\u00f1ana de este domingo, el Arzobispo de Monterrey, en su mensaje dominical<span class=\"excerpt-hellip\"> [\u2026]<\/span><\/p>\n","protected":false},"author":1,"featured_media":15602,"comment_status":"closed","ping_status":"closed","sticky":false,"template":"","format":"standard","meta":[],"categories":[7,14],"tags":[],"_links":{"self":[{"href":"https:\/\/www.arquidiocesismty.org\/arquimty\/wp-json\/wp\/v2\/posts\/15600"}],"collection":[{"href":"https:\/\/www.arquidiocesismty.org\/arquimty\/wp-json\/wp\/v2\/posts"}],"about":[{"href":"https:\/\/www.arquidiocesismty.org\/arquimty\/wp-json\/wp\/v2\/types\/post"}],"author":[{"embeddable":true,"href":"https:\/\/www.arquidiocesismty.org\/arquimty\/wp-json\/wp\/v2\/users\/1"}],"replies":[{"embeddable":true,"href":"https:\/\/www.arquidiocesismty.org\/arquimty\/wp-json\/wp\/v2\/comments?post=15600"}],"version-history":[{"count":1,"href":"https:\/\/www.arquidiocesismty.org\/arquimty\/wp-json\/wp\/v2\/posts\/15600\/revisions"}],"predecessor-version":[{"id":15601,"href":"https:\/\/www.arquidiocesismty.org\/arquimty\/wp-json\/wp\/v2\/posts\/15600\/revisions\/15601"}],"wp:featuredmedia":[{"embeddable":true,"href":"https:\/\/www.arquidiocesismty.org\/arquimty\/wp-json\/wp\/v2\/media\/15602"}],"wp:attachment":[{"href":"https:\/\/www.arquidiocesismty.org\/arquimty\/wp-json\/wp\/v2\/media?parent=15600"}],"wp:term":[{"taxonomy":"category","embeddable":true,"href":"https:\/\/www.arquidiocesismty.org\/arquimty\/wp-json\/wp\/v2\/categories?post=15600"},{"taxonomy":"post_tag","embeddable":true,"href":"https:\/\/www.arquidiocesismty.org\/arquimty\/wp-json\/wp\/v2\/tags?post=15600"}],"curies":[{"name":"wp","href":"https:\/\/api.w.org\/{rel}","templated":true}]}}