{"id":15597,"date":"2022-04-23T11:25:41","date_gmt":"2022-04-23T11:25:41","guid":{"rendered":"https:\/\/www.arquidiocesismty.org\/arquimty\/?p=15597"},"modified":"2022-04-25T14:56:40","modified_gmt":"2022-04-25T19:56:40","slug":"se-llevara-a-cabo-primer-congreso-encuentro-teologia-y-mujer-en-el-siglo-xxi","status":"publish","type":"post","link":"https:\/\/www.arquidiocesismty.org\/arquimty\/se-llevara-a-cabo-primer-congreso-encuentro-teologia-y-mujer-en-el-siglo-xxi\/","title":{"rendered":"SE LLEVAR\u00c1 A CABO PRIMER CONGRESO ENCUENTRO TEOLOG\u00cdA Y MUJER EN EL SIGLO XXI"},"content":{"rendered":"<p><em>Por: Juan Pablo V\u00e1zquez Rodr\u00edguez<\/em><br \/>\n<em>Monterrey, N.L. (www.pastoralsiglo21.org).- 23 de abril del 2022<\/em><\/p>\n<p><strong>La Arquidi\u00f3cesis de Monterrey, invita a participar a hombres y mujeres a vivir este encuentro TEOLOG\u00cdA Y MUJER EN EL SIGLO XXI y participar reflexionando sobre el entorno, historia y actualidad de la mujer y la teolog\u00eda.<\/strong><\/p>\n<p>Este espacio contar\u00e1 con conferencias, interacci\u00f3n y mesas de participaci\u00f3n activa con nuestros expositores.<\/p>\n<p><strong>Este evento se llevar\u00e1 a cabo el d\u00eda 14 de mayo, a partir de las 10:00 horas en la parroquia de San Juan Bosco.<\/strong><\/p>\n<p>Los temas que se llevar\u00e1n a cabo son:<\/p>\n<p>10:15 HRS <strong>La mujer ante los retos de la Iglesia en el Siglo XXI.<\/strong><br \/>\nDRA. MARTA RODR\u00cdGUEZ D\u00cdAZ, DOCTORA EN FILOSOF\u00cdA POR LA UNIVERSIDAD GREGORIANA DE ROMA, ITALIA<\/p>\n<p>11:15 HRS. <strong>Claves de lectura para la filosof\u00eda y la teolog\u00eda desde la mujer.<\/strong><br \/>\nDRA. ANA LUC\u00cdA MONTOYA JARAMILLO, DOCTORA EN FILOSOF\u00cdA POR LA UNIVERSIDAD GREGORIANA DE ROMA, ITALIA<\/p>\n<p>13:30 HRS.<strong> La mujer en la Iglesia Sinodal, Mesa de Encuentro.<\/strong><br \/>\nMTRA. ANA CECILIA IBARRA DE LA GARZA, M\u00c1STER EN TEOLOG\u00cdA POR EL BOSTON COLLEGE, USA Y MONS. H\u00c9CTOR MARIO P\u00c9REZ VILLARREAL. OBISPO AUXILIAR DE LA ARQUIDI\u00d3CESIS PRIMADA DE M\u00c9XICO, DOCTOR EN TEOLOG\u00cdA DOGM\u00c1TICA POR LA UNIVERSIDAD GREGORIANA DE ROMA, ITALIA.<\/p>\n<p>15:00 HRS. <strong>La mujer de la Iglesia de los Siglos Primeros.<\/strong><br \/>\nPBRO. DR. JUAN PEDRO ALAN\u00cdS MARROQU\u00cdN, DOCTOR EN TEOLOGIA POR LA UNIVERSIDAD DE NAVARRA, ESPA\u00d1A.<\/p>\n<p>16:10 HRS. <strong>Lectura Feminista de la Biblia del Siglo XX al Siglo XXI<\/strong><br \/>\nPBRO. DR. CARLOS ALBERTO SANTOS GARC\u00cdA, DOCTOR EN TEOLOG\u00cdA B\u00cdBLICA POR LA UNIVERSIDAD GREGORIANA DE ROMA. ITALIA<\/p>\n<p>17:30 HRS.<strong> Misa de Clausura<\/strong>, ENTREGA DE RECONOCIMIENTOS EN PARROQUIA SAN JUAN BOSCO<\/p>\n<p>Costos:<br \/>\n&#8211; Presencial $300.00<br \/>\n&#8211; Virtual (zoom) $250.00<br \/>\n<a href=\"https:\/\/forms.gle\/Rq3Han1WqSxaTpu66\">Enlace para pre-inscripci\u00f3n*<\/a><\/p>\n<p>Unidos como Iglesia con todas las mujeres.<\/p>\n","protected":false},"excerpt":{"rendered":"<p>Por: Juan Pablo V\u00e1zquez Rodr\u00edguez Monterrey, N.L. (www.pastoralsiglo21.org).- 23 de abril del 2022 La Arquidi\u00f3cesis de Monterrey, invita a participar a hombres y mujeres a vivir<span class=\"excerpt-hellip\"> [\u2026]<\/span><\/p>\n","protected":false},"author":1,"featured_media":15599,"comment_status":"closed","ping_status":"closed","sticky":false,"template":"","format":"standard","meta":[],"categories":[7,14],"tags":[],"_links":{"self":[{"href":"https:\/\/www.arquidiocesismty.org\/arquimty\/wp-json\/wp\/v2\/posts\/15597"}],"collection":[{"href":"https:\/\/www.arquidiocesismty.org\/arquimty\/wp-json\/wp\/v2\/posts"}],"about":[{"href":"https:\/\/www.arquidiocesismty.org\/arquimty\/wp-json\/wp\/v2\/types\/post"}],"author":[{"embeddable":true,"href":"https:\/\/www.arquidiocesismty.org\/arquimty\/wp-json\/wp\/v2\/users\/1"}],"replies":[{"embeddable":true,"href":"https:\/\/www.arquidiocesismty.org\/arquimty\/wp-json\/wp\/v2\/comments?post=15597"}],"version-history":[{"count":1,"href":"https:\/\/www.arquidiocesismty.org\/arquimty\/wp-json\/wp\/v2\/posts\/15597\/revisions"}],"predecessor-version":[{"id":15598,"href":"https:\/\/www.arquidiocesismty.org\/arquimty\/wp-json\/wp\/v2\/posts\/15597\/revisions\/15598"}],"wp:featuredmedia":[{"embeddable":true,"href":"https:\/\/www.arquidiocesismty.org\/arquimty\/wp-json\/wp\/v2\/media\/15599"}],"wp:attachment":[{"href":"https:\/\/www.arquidiocesismty.org\/arquimty\/wp-json\/wp\/v2\/media?parent=15597"}],"wp:term":[{"taxonomy":"category","embeddable":true,"href":"https:\/\/www.arquidiocesismty.org\/arquimty\/wp-json\/wp\/v2\/categories?post=15597"},{"taxonomy":"post_tag","embeddable":true,"href":"https:\/\/www.arquidiocesismty.org\/arquimty\/wp-json\/wp\/v2\/tags?post=15597"}],"curies":[{"name":"wp","href":"https:\/\/api.w.org\/{rel}","templated":true}]}}