{"id":15592,"date":"2022-04-22T17:05:06","date_gmt":"2022-04-22T17:05:06","guid":{"rendered":"https:\/\/www.arquidiocesismty.org\/arquimty\/?p=15592"},"modified":"2022-04-22T17:31:16","modified_gmt":"2022-04-22T22:31:16","slug":"invitan-conferencias-guadalupanas-en-monterrey-por-mons-eduardo-chavez","status":"publish","type":"post","link":"https:\/\/www.arquidiocesismty.org\/arquimty\/invitan-conferencias-guadalupanas-en-monterrey-por-mons-eduardo-chavez\/","title":{"rendered":"INVITAN CONFERENCIAS GUADALUPANAS EN MONTERREY POR MONS. EDUARDO CHAVEZ"},"content":{"rendered":"<p><em>Por: Debany Vald\u00e9s<\/em><br \/>\n<em>Monterrey, N.L. (www.pastoralsiglo21.org).- 22 de abril del 2022<\/em><\/p>\n<p><strong>El Apostolado de la Evangelizaci\u00f3n Guadalupana en Monterrey, invita a todos a participar de las Conferencias Guadalupanas impartidas por Mons. Eduardo Ch\u00e1vez S\u00e1nchez experto en el conocimiento de asuntos Guadalupanos.<\/strong><\/p>\n<p><strong>Ma\u00f1ana S\u00e1bado 23 de abril, en el Colegio Labastida<\/strong>, se llevar\u00e1n a cabo dos conferencias que est\u00e1n tituladas \u201c20 a\u00f1os de la Canonizaci\u00f3n de San Juan Diego\u201d en el horario matutino y \u201cLa Verdad de Guadalupe\u201d en horario vespertino, para finalmente concluir con una misa presidida por Mons. Eduardo Ch\u00e1vez y concelebrada por el Pbro. Daniel Morales y el Pbro. Josu\u00e9 Loredo ambos asesores de APEG.<\/p>\n<p>El Sr. Can\u00f3nigo Dr. Eduardo Ch\u00e1vez S\u00e1nchez es Postulador Oficial de la Canonizaci\u00f3n de San Juan Diego, Fundador y Director del Instituto Superior de Estudios Guadalupanos, Doctor en Historia de la Iglesia y Can\u00f3nigo de la Insigne y Nacional Bas\u00edlica de Guadalupe, quien en 2018 fue enviado por el Papa Francisco y por el Cardenal Carlos Aguiar Retes \u201ccon la misi\u00f3n de profundizar sobre el Acontecimiento Guadalupano y darlo a conocer a nivel mundial\u201d.<\/p>\n<p>Para participar en este evento, el cual su cuota de recuperaci\u00f3n es voluntaria, se invita a registrarse en <a href=\"https:\/\/cursoguadalupano.com\/\">cursoguadalupano.com<\/a><\/p>\n<p>#IglesiaDeMonterrey #ApostoladoGuadalupano<\/p>\n","protected":false},"excerpt":{"rendered":"<p>Por: Debany Vald\u00e9s Monterrey, N.L. (www.pastoralsiglo21.org).- 22 de abril del 2022 El Apostolado de la Evangelizaci\u00f3n Guadalupana en Monterrey, invita a todos a participar de las<span class=\"excerpt-hellip\"> [\u2026]<\/span><\/p>\n","protected":false},"author":1,"featured_media":0,"comment_status":"closed","ping_status":"closed","sticky":false,"template":"","format":"standard","meta":[],"categories":[7,14],"tags":[],"_links":{"self":[{"href":"https:\/\/www.arquidiocesismty.org\/arquimty\/wp-json\/wp\/v2\/posts\/15592"}],"collection":[{"href":"https:\/\/www.arquidiocesismty.org\/arquimty\/wp-json\/wp\/v2\/posts"}],"about":[{"href":"https:\/\/www.arquidiocesismty.org\/arquimty\/wp-json\/wp\/v2\/types\/post"}],"author":[{"embeddable":true,"href":"https:\/\/www.arquidiocesismty.org\/arquimty\/wp-json\/wp\/v2\/users\/1"}],"replies":[{"embeddable":true,"href":"https:\/\/www.arquidiocesismty.org\/arquimty\/wp-json\/wp\/v2\/comments?post=15592"}],"version-history":[{"count":1,"href":"https:\/\/www.arquidiocesismty.org\/arquimty\/wp-json\/wp\/v2\/posts\/15592\/revisions"}],"predecessor-version":[{"id":15593,"href":"https:\/\/www.arquidiocesismty.org\/arquimty\/wp-json\/wp\/v2\/posts\/15592\/revisions\/15593"}],"wp:attachment":[{"href":"https:\/\/www.arquidiocesismty.org\/arquimty\/wp-json\/wp\/v2\/media?parent=15592"}],"wp:term":[{"taxonomy":"category","embeddable":true,"href":"https:\/\/www.arquidiocesismty.org\/arquimty\/wp-json\/wp\/v2\/categories?post=15592"},{"taxonomy":"post_tag","embeddable":true,"href":"https:\/\/www.arquidiocesismty.org\/arquimty\/wp-json\/wp\/v2\/tags?post=15592"}],"curies":[{"name":"wp","href":"https:\/\/api.w.org\/{rel}","templated":true}]}}