{"id":15587,"date":"2022-04-17T10:00:13","date_gmt":"2022-04-17T10:00:13","guid":{"rendered":"https:\/\/www.arquidiocesismty.org\/arquimty\/?p=15587"},"modified":"2022-04-17T11:32:03","modified_gmt":"2022-04-17T16:32:03","slug":"que-la-vivencia-de-esta-pascua-sea-plena-que-no-se-quede-en-un-tiempo-liturgico","status":"publish","type":"post","link":"https:\/\/www.arquidiocesismty.org\/arquimty\/que-la-vivencia-de-esta-pascua-sea-plena-que-no-se-quede-en-un-tiempo-liturgico\/","title":{"rendered":"\u201cQUE LA VIVENCIA DE EST\u00c1 PASCUA SEA PLENA, QUE NO SE QUEDE EN UN TIEMPO LIT\u00daRGICO\u201d"},"content":{"rendered":"<p><em>Por: Juan Pablo V\u00e1zquez Rodr\u00edguez<\/em><br \/>\n<em>Monterrey, N.L. (www.pastoralsiglo21.org).- 17 de abril del 2022<\/em><\/p>\n<p><strong>La ma\u00f1ana de este domingo, el Arzobispo de Monterrey, en su mensaje dominical expres\u00f3 su deseo de felices pascuas a toda la comunidad e invit\u00f3 a sacerdotes y fieles laicos, a que la Pascua sea el sentido de nuestro existir y la paz verdadera que necesitamos en medio de los retos sociales que enfrentamos.<\/strong><\/p>\n<p>\u201cDeseo sinceramente que la vivencia de esta Pascua, sea plena, que no se quede en un tiempo lit\u00fargico en el que cantamos Aleluya, sino que ese Aleluya, esa Alegr\u00eda la vivamos en la sencillez cotidiana de nuestros hogares\u201d.<\/p>\n<p>\u201cVivimos tiempos dominados por la intranquilidad, por la violencia, por el descontento generalizado que provoca muchas situaciones de inseguridad en nuestro entorno, especialmente hacia las mujeres y los m\u00e1s peque\u00f1os, por lo que el mensaje de Cristo debe hacerse vida y debe estar fundamentado en la paz que viene de Dios.<\/p>\n<p>\u201cDebemos de hacer part\u00edcipes a todos que Cristo es el que da el sentido pleno a nuestro existir y que \u00c9l es la paz verdadera\u201d.<\/p>\n<p><strong>\u201cPido a Dios que la Pascua traiga consuelo para seguir adelante, especialmente en aquellos que sufren por sus seres queridos que est\u00e1n desaparecidos y para que nuestras autoridades sigan trabajando y logren que esta triste situaci\u00f3n que llena de angustia a muchas vidas de muchas familias, tenga resultados alentadores, procurando que la seguridad sea reforzada y que todos nos sintamos responsables del cuidado de nuestros semejantes\u201d.<\/strong><\/p>\n<p>Finalmente, a\u00f1adi\u00f3: \u201cFelices Pascuas de Resurrecci\u00f3n y que pronto en nuestro estado de Nuevo Le\u00f3n, tengamos la lluvia necesaria para nuestras en necesidades y desde luego la paz social\u201d.<\/p>\n<p>#IglesiaDeMonterrey<\/p>\n","protected":false},"excerpt":{"rendered":"<p>Por: Juan Pablo V\u00e1zquez Rodr\u00edguez Monterrey, N.L. (www.pastoralsiglo21.org).- 17 de abril del 2022 La ma\u00f1ana de este domingo, el Arzobispo de Monterrey, en su mensaje dominical<span class=\"excerpt-hellip\"> [\u2026]<\/span><\/p>\n","protected":false},"author":1,"featured_media":15589,"comment_status":"closed","ping_status":"closed","sticky":false,"template":"","format":"standard","meta":[],"categories":[7,14],"tags":[],"_links":{"self":[{"href":"https:\/\/www.arquidiocesismty.org\/arquimty\/wp-json\/wp\/v2\/posts\/15587"}],"collection":[{"href":"https:\/\/www.arquidiocesismty.org\/arquimty\/wp-json\/wp\/v2\/posts"}],"about":[{"href":"https:\/\/www.arquidiocesismty.org\/arquimty\/wp-json\/wp\/v2\/types\/post"}],"author":[{"embeddable":true,"href":"https:\/\/www.arquidiocesismty.org\/arquimty\/wp-json\/wp\/v2\/users\/1"}],"replies":[{"embeddable":true,"href":"https:\/\/www.arquidiocesismty.org\/arquimty\/wp-json\/wp\/v2\/comments?post=15587"}],"version-history":[{"count":1,"href":"https:\/\/www.arquidiocesismty.org\/arquimty\/wp-json\/wp\/v2\/posts\/15587\/revisions"}],"predecessor-version":[{"id":15588,"href":"https:\/\/www.arquidiocesismty.org\/arquimty\/wp-json\/wp\/v2\/posts\/15587\/revisions\/15588"}],"wp:featuredmedia":[{"embeddable":true,"href":"https:\/\/www.arquidiocesismty.org\/arquimty\/wp-json\/wp\/v2\/media\/15589"}],"wp:attachment":[{"href":"https:\/\/www.arquidiocesismty.org\/arquimty\/wp-json\/wp\/v2\/media?parent=15587"}],"wp:term":[{"taxonomy":"category","embeddable":true,"href":"https:\/\/www.arquidiocesismty.org\/arquimty\/wp-json\/wp\/v2\/categories?post=15587"},{"taxonomy":"post_tag","embeddable":true,"href":"https:\/\/www.arquidiocesismty.org\/arquimty\/wp-json\/wp\/v2\/tags?post=15587"}],"curies":[{"name":"wp","href":"https:\/\/api.w.org\/{rel}","templated":true}]}}