{"id":15584,"date":"2022-04-16T23:00:20","date_gmt":"2022-04-16T23:00:20","guid":{"rendered":"https:\/\/www.arquidiocesismty.org\/arquimty\/?p=15584"},"modified":"2022-04-17T11:29:39","modified_gmt":"2022-04-17T16:29:39","slug":"el-que-esta-contento-habla-bien-de-todos","status":"publish","type":"post","link":"https:\/\/www.arquidiocesismty.org\/arquimty\/el-que-esta-contento-habla-bien-de-todos\/","title":{"rendered":"\u201cEL QUE ESTA CONTENTO HABLA BIEN DE TODOS\u201d"},"content":{"rendered":"<p><em>Por: Juan Pablo V\u00e1zquez Rodr\u00edguez<\/em><br \/>\n<em>Monterrey, N.L. (www.pastoralsiglo21.org).- 16 de abril del 2022<\/em><\/p>\n<h5><strong>#VigiliaPascual<\/strong><\/h5>\n<p><strong>Al presidir la Vigilia Pascual, en la Catedral de Metropolitana, el Arzobispo de Monterrey, comparti\u00f3 dos pensamientos, en los que se\u00f1al\u00f3 que: \u201ctodo aquel que cree en el Resucitado, todo lo ve bien\u201d, e invit\u00f3 a que \u201cnuestra mirada sea misericordiosa, nuestro o\u00eddo est\u00e9 siempre atento, y que nuestro coraz\u00f3n sea de carne\u201d.<\/strong><\/p>\n<p>\u201cSolo quiero decirles dos pensamiento: el primero, el que est\u00e1 contento habla bien de todos y de todo. Esta noche la Iglesia nos pide hablar bien de todo, y hablar bien de todos, primero hablar bien de Dios, porque todo lo ha hecho bien, muy bien; nos ha amado y perdonado, tiene misericordia de nosotros. Tambi\u00e9n esta noche hablamos bien de todas las personas, inclusive de aquellos que pensamos que son nuestros enemigos, hoy de todos tenemos una buena opini\u00f3n\u201d.<\/p>\n<p>\u201cPor eso en \u00e9l preg\u00f3n Pascual dec\u00eda el canto: &lt;&lt;feliz culpa que mereci\u00f3 tal Redentor&gt;&gt;, f\u00edjense bien, decimos qu\u00e9 bueno que pec\u00f3 Ad\u00e1n, parece contradictorio, dijo el preg\u00f3n: &lt;&lt;feliz la culpa que mereci\u00f3 tal Redentor&gt;&gt;, no hay m\u00e1s manera tan contundente de hablar bien, inclusive del pecado, no porque est\u00e9 bien, sino porque ha sido ocasi\u00f3n del desborde del amor de Dios, &lt;&lt;feliz culpa que mereci\u00f3 tal Redentor&gt;&gt;\u201d.<\/p>\n<p><strong>\u201cPero tambi\u00e9n hablamos bien de todo, la creaci\u00f3n, todo es bello, todo lo hizo bien Dios, los astros, los animales, las plantas. Para el que est\u00e1 alegre todo es bello, es bella la muerte y es bella la noche, cuando uno anda de malas nada est\u00e1 bien, ni el d\u00eda ni la noche, ni las personas ni las cosas, por eso destruimos la naturaleza y tambi\u00e9n hacemos da\u00f1o a las personas, porque no tenemos la alegr\u00eda que procede de Dios, la alegr\u00eda de la sabidur\u00eda m\u00e1s grande que puede tener un ser humano, que Cristo ha Resucitado\u201d.<\/strong><\/p>\n<p>\u201cEl segundo pensamiento: \u00a1el que ama, cree m\u00e1s r\u00e1pido que Cristo ha Resucitado!, el Evangelio nos ha dicho que las mujeres fueron las primeras en reconocer, en escuchar, en creer que Cristo est\u00e1 vivo, Mar\u00eda Magdalena, Juana la mam\u00e1 de Santiago y otras mujeres, son los primeros testigos de la Resurrecci\u00f3n, porque amaron m\u00e1s, el amor las llev\u00f3 a visitar el sepulcro muy temprano, el amor les hizo llevar perfume, porque amaban a Jes\u00fas\u201d.<\/p>\n<p>Finalmente, a\u00f1adi\u00f3: <strong>\u201cel amor es la condici\u00f3n para creer en el Resucitado, por eso la fe cristiana es la que lleva al amor; el que ama cremas r\u00e1pido, porque el Resucitado es el Dios de amor.<\/strong><\/p>\n<p>#IglesiaDeMonterrey<\/p>\n","protected":false},"excerpt":{"rendered":"<p>Por: Juan Pablo V\u00e1zquez Rodr\u00edguez Monterrey, N.L. (www.pastoralsiglo21.org).- 16 de abril del 2022 #VigiliaPascual Al presidir la Vigilia Pascual, en la Catedral de Metropolitana, el Arzobispo<span class=\"excerpt-hellip\"> [\u2026]<\/span><\/p>\n","protected":false},"author":1,"featured_media":15586,"comment_status":"closed","ping_status":"closed","sticky":false,"template":"","format":"standard","meta":[],"categories":[7,14],"tags":[],"_links":{"self":[{"href":"https:\/\/www.arquidiocesismty.org\/arquimty\/wp-json\/wp\/v2\/posts\/15584"}],"collection":[{"href":"https:\/\/www.arquidiocesismty.org\/arquimty\/wp-json\/wp\/v2\/posts"}],"about":[{"href":"https:\/\/www.arquidiocesismty.org\/arquimty\/wp-json\/wp\/v2\/types\/post"}],"author":[{"embeddable":true,"href":"https:\/\/www.arquidiocesismty.org\/arquimty\/wp-json\/wp\/v2\/users\/1"}],"replies":[{"embeddable":true,"href":"https:\/\/www.arquidiocesismty.org\/arquimty\/wp-json\/wp\/v2\/comments?post=15584"}],"version-history":[{"count":1,"href":"https:\/\/www.arquidiocesismty.org\/arquimty\/wp-json\/wp\/v2\/posts\/15584\/revisions"}],"predecessor-version":[{"id":15585,"href":"https:\/\/www.arquidiocesismty.org\/arquimty\/wp-json\/wp\/v2\/posts\/15584\/revisions\/15585"}],"wp:featuredmedia":[{"embeddable":true,"href":"https:\/\/www.arquidiocesismty.org\/arquimty\/wp-json\/wp\/v2\/media\/15586"}],"wp:attachment":[{"href":"https:\/\/www.arquidiocesismty.org\/arquimty\/wp-json\/wp\/v2\/media?parent=15584"}],"wp:term":[{"taxonomy":"category","embeddable":true,"href":"https:\/\/www.arquidiocesismty.org\/arquimty\/wp-json\/wp\/v2\/categories?post=15584"},{"taxonomy":"post_tag","embeddable":true,"href":"https:\/\/www.arquidiocesismty.org\/arquimty\/wp-json\/wp\/v2\/tags?post=15584"}],"curies":[{"name":"wp","href":"https:\/\/api.w.org\/{rel}","templated":true}]}}